{"id":6492,"date":"2019-09-03T16:41:05","date_gmt":"2019-09-03T14:41:05","guid":{"rendered":"https:\/\/meier-gerdingh.de\/wp-spd-ob\/?p=6492"},"modified":"2019-09-06T15:33:13","modified_gmt":"2019-09-06T13:33:13","slug":"stadt-braucht-konzept-fuer-oeffentliche-toiletten","status":"publish","type":"post","link":"https:\/\/meier-gerdingh.de\/wp-spd-ob\/2019\/09\/03\/stadt-braucht-konzept-fuer-oeffentliche-toiletten\/","title":{"rendered":"Stadt braucht Konzept f\u00fcr \u00f6ffentliche Toiletten"},"content":{"rendered":"<div id=\"attachment_6411\" style=\"width: 190px\" class=\"wp-caption alignleft\"><a href=\"https:\/\/meier-gerdingh.de\/wp-spd-ob\/wp-content\/uploads\/2019\/06\/14_telli_ercan_1000.jpg\"><img aria-describedby=\"caption-attachment-6411\" decoding=\"async\" class=\"size-full wp-image-6411\" src=\"https:\/\/meier-gerdingh.de\/wp-spd-ob\/wp-content\/uploads\/2019\/06\/14_telli_ercan.jpg\" alt=\"\" width=\"180\" height=\"180\" srcset=\"https:\/\/meier-gerdingh.de\/wp-spd-ob\/wp-content\/uploads\/2019\/06\/14_telli_ercan.jpg 180w, https:\/\/meier-gerdingh.de\/wp-spd-ob\/wp-content\/uploads\/2019\/06\/14_telli_ercan-150x150.jpg 150w\" sizes=\"(max-width: 180px) 100vw, 180px\" \/><\/a><p id=\"caption-attachment-6411\" class=\"wp-caption-text\">Ercan Telli ist sozialpolitischer Sprecher der SPD-Fraktion<\/p><\/div>\n<p>In Oberhausen gibt es zu wenige \u00f6ffentliche Toiletten, und die meisten von ihnen sind f\u00fcr die \u00d6ffentlichkeit auch noch zu selten zug\u00e4nglich. Diesen Schluss zieht der SPD-Stadtverordnete Ercan Telli aus der Beantwortung seiner <a href=\"https:\/\/meier-gerdingh.de\/wp-spd-ob\/wp-content\/uploads\/2019\/09\/kleine-anfrage-toiletten-19-08.pdf\">Anfrage an die Verwaltung nach \u00f6ffentlichen WC-Anlagen<\/a>. &#8222;Lediglich auf den st\u00e4dtischen Friedh\u00f6fen und in einigen weiteren kommunalen Einrichtungen gibt es \u00f6ffentliche Toiletten, die aber nat\u00fcrlich nur zu den jeweiligen \u00d6ffnungszeiten genutzt werden k\u00f6nnen&#8220;, bilanziert Telli.<\/p>\n<p>Dass sich die Verwaltung bem\u00fcht, etwa durch Kooperationen mit Ladengesch\u00e4ften oder anderen Einrichtungen Abhilfe zu schaffen, sei zwar aller Ehren wert. &#8222;Doch wenn in der Antwort davon die Rede ist, dass man in Sterkrade bislang zwei Partner gefunden hat, wovon der eine noch die Stadtteilbibliothek ist, und in Alt-Oberhausen und Osterfeld offenbar noch nichts geschehen ist, ist das klar zu wenig&#8220;, so der sozialpolitische Sprecher der SPD-Fraktion.<!--more--><\/p>\n<p>Da die Verwaltung laut Antwortschreiben &#8222;aktiv an L\u00f6sungsm\u00f6glichkeiten zur Verbesserung der derzeitigen Situation der WC-Anlagen im \u00f6ffentlichen Raum&#8220; arbeite, hofft Telli auf eine baldige Verbesserung der Situation. &#8222;Dass hier etwas getan werden muss, haben die Antworten auf unsere Gro\u00dfe Anfrage ,60+\u2018 klar gezeigt&#8220;, so Telli. Eine Verbesserung der Lebenssituation gerade f\u00fcr die \u00e4lteren Oberhausenerinnen und Oberhausener sowie f\u00fcr Menschen mit Behinderung sei nun geboten.<\/p>\n","protected":false},"excerpt":{"rendered":"<p>In Oberhausen gibt es zu wenige \u00f6ffentliche Toiletten, und die meisten von ihnen sind f\u00fcr die \u00d6ffentlichkeit auch noch zu selten zug\u00e4nglich. Diesen Schluss zieht der SPD-Stadtverordnete Ercan Telli aus&hellip; <\/p>\n","protected":false},"author":1,"featured_media":0,"comment_status":"closed","ping_status":"closed","sticky":false,"template":"","format":"standard","meta":{"footnotes":""},"categories":[29],"tags":[1483,135,361,1978,1977],"quellen":[326],"class_list":["post-6492","post","type-post","status-publish","format-standard","hentry","category-umwelt","tag-grosse-anfrage-senioren","tag-kleine-anfrage","tag-menschen-mit-behinderungen","tag-oeffentliche-wc-anlagen","tag-schriftliche-anfrage","quellen-spd-fraktion-oberhausen"],"_links":{"self":[{"href":"https:\/\/meier-gerdingh.de\/wp-spd-ob\/wp-json\/wp\/v2\/posts\/6492","targetHints":{"allow":["GET"]}}],"collection":[{"href":"https:\/\/meier-gerdingh.de\/wp-spd-ob\/wp-json\/wp\/v2\/posts"}],"about":[{"href":"https:\/\/meier-gerdingh.de\/wp-spd-ob\/wp-json\/wp\/v2\/types\/post"}],"author":[{"embeddable":true,"href":"https:\/\/meier-gerdingh.de\/wp-spd-ob\/wp-json\/wp\/v2\/users\/1"}],"replies":[{"embeddable":true,"href":"https:\/\/meier-gerdingh.de\/wp-spd-ob\/wp-json\/wp\/v2\/comments?post=6492"}],"version-history":[{"count":0,"href":"https:\/\/meier-gerdingh.de\/wp-spd-ob\/wp-json\/wp\/v2\/posts\/6492\/revisions"}],"wp:attachment":[{"href":"https:\/\/meier-gerdingh.de\/wp-spd-ob\/wp-json\/wp\/v2\/media?parent=6492"}],"wp:term":[{"taxonomy":"category","embeddable":true,"href":"https:\/\/meier-gerdingh.de\/wp-spd-ob\/wp-json\/wp\/v2\/categories?post=6492"},{"taxonomy":"post_tag","embeddable":true,"href":"https:\/\/meier-gerdingh.de\/wp-spd-ob\/wp-json\/wp\/v2\/tags?post=6492"},{"taxonomy":"quellen","embeddable":true,"href":"https:\/\/meier-gerdingh.de\/wp-spd-ob\/wp-json\/wp\/v2\/quellen?post=6492"}],"curies":[{"name":"wp","href":"https:\/\/api.w.org\/{rel}","templated":true}]}}