{"id":6500,"date":"2019-09-11T09:32:57","date_gmt":"2019-09-11T07:32:57","guid":{"rendered":"https:\/\/meier-gerdingh.de\/wp-spd-ob\/?p=6500"},"modified":"2019-09-12T09:34:37","modified_gmt":"2019-09-12T07:34:37","slug":"protest-gegen-neues-gesetz","status":"publish","type":"post","link":"https:\/\/meier-gerdingh.de\/wp-spd-ob\/2019\/09\/11\/protest-gegen-neues-gesetz\/","title":{"rendered":"Protest gegen neues Gesetz"},"content":{"rendered":"<div id=\"attachment_6498\" style=\"width: 730px\" class=\"wp-caption aligncenter\"><a href=\"https:\/\/meier-gerdingh.de\/wp-spd-ob\/wp-content\/uploads\/2019\/09\/zimkeit-mino-schwabedissen-jahnke-lg.jpg\"><img aria-describedby=\"caption-attachment-6498\" decoding=\"async\" class=\"size-full wp-image-6498\" src=\"https:\/\/meier-gerdingh.de\/wp-spd-ob\/wp-content\/uploads\/2019\/09\/zimkeit-mino-schwabedissen-jahnke.jpg\" alt=\"\" width=\"720\" height=\"349\" srcset=\"https:\/\/meier-gerdingh.de\/wp-spd-ob\/wp-content\/uploads\/2019\/09\/zimkeit-mino-schwabedissen-jahnke.jpg 720w, https:\/\/meier-gerdingh.de\/wp-spd-ob\/wp-content\/uploads\/2019\/09\/zimkeit-mino-schwabedissen-jahnke-300x145.jpg 300w\" sizes=\"(max-width: 720px) 100vw, 720px\" \/><\/a><p id=\"caption-attachment-6498\" class=\"wp-caption-text\">Stefan Zimkeit, Erika Minor, Katharina Schwabedissen, Christa Jahnke-Horstmann (Quelle: B\u00fcro Zimkeit)<\/p><\/div>\n<p>&#8222;Es muss mehr Fachpersonal in die Kitas, und daf\u00fcr muss es mehr Geld geben&#8220;, sagte Katharina Schwabedissen auf einer Veranstaltung in der AWO Oberhausen, zu der der SPD-Abgeordnete Stefan Zimkeit eingeladen hatte. Schwabedissen ist Sprecherin des B\u00fcndnisses &#8222;Mehr Gro\u00dfe f\u00fcr die Kleinen&#8220; und stie\u00df auf gro\u00dfe Zustimmung bei den Vertreterinnen und Vertretern der Kitas aus Dinslaken und Oberhausen. &#8222;Die Eltern sind unzufrieden, die Erzieherinnen und unzufrieden&#8220;, fasste sie die Kritik an dem Entwurf eines ver\u00e4nderten Kita-Gesetzes zusammen, das die CDU-FDP-Koalition im Herbst verabschieden m\u00f6chte.<!--more--><\/p>\n<p>Erika Minor, die in Oberhausen f\u00fcr die evangelischen Kitas zust\u00e4ndig ist, bezweifelt, dass die Gesetzesver\u00e4nderungen f\u00fcr Verbesserungen sorgen werden. In NRW seien die Kinderg\u00e4rten &#8222;nicht ausk\u00f6mmlich finanziert&#8220;, stellte sie aus Sicht der Tr\u00e4gerverb\u00e4nde fest. Sie beklagte ein &#8222;eklatantes Minus&#8220; bei den Sachkosten und forderte, dass k\u00fcnftige tarifliche Lohnerh\u00f6hungen f\u00fcr die Erzieherinnen ber\u00fccksichtigt werden.<\/p>\n<p>Die Dinslakener Dezernentin Christa Jahnke-Horstmann forderte aus Sicht der st\u00e4dtischen Kinderg\u00e4rten, Ungleiches ungleich zu behandeln. &#8222;Es gibt Kitas, die ganz hohen Unterst\u00fctzungsbedarf haben&#8220;, wies sie auf sozial benachteiligte Stadtteile hin. F\u00fcr diese Einrichtungen sei nur sehr wenig im Gesetz vorgesehen. &#8222;Das geht mir nicht weit genug&#8220;, so Jahnke-Horstmann.<\/p>\n<p>Stefan Zimkeit stimmte ihr zu: &#8222;Die SPD hatte vor Jahren das plusKita-Programm f\u00fcr Kinderg\u00e4rten eingef\u00fchrt, die einen gr\u00f6\u00dferen Bedarf haben. Das werden CDU und FDP zwar nicht abschaffen, aber es fehlt der finanzielle Ausbau.&#8220;<\/p>\n<p>Erika Minor warnte davor, die Kita-\u00d6ffnungszeiten \u00fcberm\u00e4\u00dfig zu flexibilisieren, um die Berufst\u00e4tigkeit der Eltern zu unterst\u00fctzen. &#8222;Warum muss ich als Krankenschwester Wechseldienst leisten?&#8220;, fragte sie. &#8222;Da ist die Denkweise verkehrt&#8220;, forderte sie eine familienfreundlichere Arbeitswelt. Christa Jahnke-Horstmann gab zu bedenken, dass st\u00e4dtische Kitas in der Lage sein sollten, den Eltern bei Notsituationen entgegenzukommen. &#8222;Die Eltern dr\u00e4ngen zurecht auf flexible \u00d6ffnungszeiten&#8220;, sagte sie.<\/p>\n<p>Katharina Schwabedissen nannte es erfreulich, dass nicht nur das letzte, sondern k\u00fcnftig auch das vorletzte Jahr beitragsfrei sein soll. Sie kritisierte aber, dass es f\u00fcr die weiteren Kita-Jahre keine landeseinheitliche Kindergartengeb\u00fchren gibt. &#8222;Eltern in armen Kommunen m\u00fcssen mehr bezahlen&#8220;, \u00e4rgert sie sich \u00fcber die Ungerechtigkeit. Stefan Zimkeit betonte, dass Kitas Bildungseinrichtungen sind. &#8222;Deshalb m\u00fcssen sie geb\u00fchrenfrei sein.<\/p>\n<p>Niemand k\u00e4me auf die Idee, Schulgeld einzuf\u00fchren&#8220;, sagte der SPD-Abgeordnete in der Diskussion mit den Erzieherinnen und Tr\u00e4gern von evangelischen, katholischen, st\u00e4dtischen sowie AWO-Kitas.<\/p>\n","protected":false},"excerpt":{"rendered":"<p>&#8222;Es muss mehr Fachpersonal in die Kitas, und daf\u00fcr muss es mehr Geld geben&#8220;, sagte Katharina Schwabedissen auf einer Veranstaltung in der AWO Oberhausen, zu der der SPD-Abgeordnete Stefan Zimkeit&hellip; <\/p>\n","protected":false},"author":1,"featured_media":0,"comment_status":"closed","ping_status":"closed","sticky":false,"template":"","format":"standard","meta":{"footnotes":""},"categories":[179,216],"tags":[848,2049,1576,1796,162,161,941,603,1201,165,1726,1752,1842],"quellen":[331],"class_list":["post-6500","post","type-post","status-publish","format-standard","hentry","category-kinder-und-jugendliche","category-land","tag-awo-oberhausen","tag-buendnis-mehr-grosse-fuer-die-kleinen","tag-freie-traeger","tag-gute-kita-gesetz","tag-kibiz","tag-kinderbildungsgesetz","tag-kita-beitraege","tag-kita-finanzierung","tag-kita-gesetz","tag-kitas","tag-kte-gebuehren","tag-ktes","tag-sozialverbaende","quellen-mdl-stefan-zimkeit"],"_links":{"self":[{"href":"https:\/\/meier-gerdingh.de\/wp-spd-ob\/wp-json\/wp\/v2\/posts\/6500","targetHints":{"allow":["GET"]}}],"collection":[{"href":"https:\/\/meier-gerdingh.de\/wp-spd-ob\/wp-json\/wp\/v2\/posts"}],"about":[{"href":"https:\/\/meier-gerdingh.de\/wp-spd-ob\/wp-json\/wp\/v2\/types\/post"}],"author":[{"embeddable":true,"href":"https:\/\/meier-gerdingh.de\/wp-spd-ob\/wp-json\/wp\/v2\/users\/1"}],"replies":[{"embeddable":true,"href":"https:\/\/meier-gerdingh.de\/wp-spd-ob\/wp-json\/wp\/v2\/comments?post=6500"}],"version-history":[{"count":0,"href":"https:\/\/meier-gerdingh.de\/wp-spd-ob\/wp-json\/wp\/v2\/posts\/6500\/revisions"}],"wp:attachment":[{"href":"https:\/\/meier-gerdingh.de\/wp-spd-ob\/wp-json\/wp\/v2\/media?parent=6500"}],"wp:term":[{"taxonomy":"category","embeddable":true,"href":"https:\/\/meier-gerdingh.de\/wp-spd-ob\/wp-json\/wp\/v2\/categories?post=6500"},{"taxonomy":"post_tag","embeddable":true,"href":"https:\/\/meier-gerdingh.de\/wp-spd-ob\/wp-json\/wp\/v2\/tags?post=6500"},{"taxonomy":"quellen","embeddable":true,"href":"https:\/\/meier-gerdingh.de\/wp-spd-ob\/wp-json\/wp\/v2\/quellen?post=6500"}],"curies":[{"name":"wp","href":"https:\/\/api.w.org\/{rel}","templated":true}]}}