{"id":6509,"date":"2019-09-18T16:07:51","date_gmt":"2019-09-18T14:07:51","guid":{"rendered":"https:\/\/meier-gerdingh.de\/wp-spd-ob\/?p=6509"},"modified":"2019-09-18T16:07:51","modified_gmt":"2019-09-18T14:07:51","slug":"mehr-staedtischer-gestaltungsspielraum-bei-immobilien","status":"publish","type":"post","link":"https:\/\/meier-gerdingh.de\/wp-spd-ob\/2019\/09\/18\/mehr-staedtischer-gestaltungsspielraum-bei-immobilien\/","title":{"rendered":"Mehr st\u00e4dtischer Gestaltungsspielraum bei Immobilien"},"content":{"rendered":"<p><a href=\"https:\/\/meier-gerdingh.de\/wp-spd-ob\/wp-content\/uploads\/2019\/09\/logo-spd-ov-mitte.png\"><img decoding=\"async\" class=\"alignleft size-full wp-image-6508\" src=\"https:\/\/meier-gerdingh.de\/wp-spd-ob\/wp-content\/uploads\/2019\/09\/logo-spd-ov-mitte.png\" alt=\"\" width=\"180\" height=\"180\" srcset=\"https:\/\/meier-gerdingh.de\/wp-spd-ob\/wp-content\/uploads\/2019\/09\/logo-spd-ov-mitte.png 180w, https:\/\/meier-gerdingh.de\/wp-spd-ob\/wp-content\/uploads\/2019\/09\/logo-spd-ov-mitte-150x150.png 150w\" sizes=\"(max-width: 180px) 100vw, 180px\" \/><\/a>Mieter, die aus Sicherheitsgr\u00fcnden ihre Wohnungen verlassen m\u00fcssen und nicht wissen, wie es weitergehen soll; defekte Aufz\u00fcge und zu hohe Rechnungen; Wassersch\u00e4den und M\u00fcllberge: Rund um das denkmalgesch\u00fctzte Europahaus im Herzen der Alt-Oberhausener Innenstadt zeigt sich in dramatischer Weise, wie nachteilig sich die fehlende, stadtplanerische Einflussnahme der \u00f6ffentlichen Hand auswirkt.<\/p>\n<p>&#8222;Der Stadt sind in diesem und anderen F\u00e4llen mit problematischen Immobilien derzeit die H\u00e4nde gebunden. Es ist an der Zeit, dass die Stadt als Akteur mehr Gestaltungsspielraum in der Stadtplanung erh\u00e4lt&#8220;, fordert Axel J. Scherer, Vorsitzender der SPD in Oberhausen-Mitte. Dazu sei es n\u00f6tig, eine Entwicklungsgesellschaft zu installieren, die ein &#8222;Sonderverm\u00f6gen Immobilienwirtschaft&#8220; verwaltet.<!--more--><\/p>\n<p>Dieser Gesellschaft sollten vor allem drei Aufgaben zufallen: kommunaler sozialer Wohnungsbau, der Ankauf von wichtigen Schl\u00fcsselimmobilien sowie die Kredit- und F\u00f6rdermittelvermittlung f\u00fcr kooperationsbereite Hausbesitzer.<\/p>\n<p>&#8222;Neben den Vorteilen, die eine Zusammenfassung dieser Aufgabengebiete mit sich bringt, w\u00e4re auch eine \u00fcbergeordnete, weitsichtigere Stadtplanung zuk\u00fcnftig deutlich einfacher&#8220;, erkl\u00e4rt Scherer: Zentrale Immobilien wie das Europahaus k\u00f6nnten gekauft, Sozialwohnungen geschaffen und Problemimmobilien beseitigt werden.<\/p>\n","protected":false},"excerpt":{"rendered":"<p>Mieter, die aus Sicherheitsgr\u00fcnden ihre Wohnungen verlassen m\u00fcssen und nicht wissen, wie es weitergehen soll; defekte Aufz\u00fcge und zu hohe Rechnungen; Wassersch\u00e4den und M\u00fcllberge: Rund um das denkmalgesch\u00fctzte Europahaus im&hellip; <\/p>\n","protected":false},"author":1,"featured_media":0,"comment_status":"closed","ping_status":"closed","sticky":false,"template":"","format":"standard","meta":{"footnotes":""},"categories":[27,167],"tags":[2055,65,2053,359,2057,2056,1881,2054],"quellen":[333],"class_list":["post-6509","post","type-post","status-publish","format-standard","hentry","category-planen-bauen-wohnen-verkehr","category-stadtteile","tag-sondervermoegen-immobilienwirtschaft","tag-alt-oberhausen","tag-europahaus","tag-innenstadt-alt-oberhausen","tag-problemimmobilien","tag-schluesselimmobilien","tag-sozialwohnungen","tag-stadtplanung","quellen-ov-mitte"],"_links":{"self":[{"href":"https:\/\/meier-gerdingh.de\/wp-spd-ob\/wp-json\/wp\/v2\/posts\/6509","targetHints":{"allow":["GET"]}}],"collection":[{"href":"https:\/\/meier-gerdingh.de\/wp-spd-ob\/wp-json\/wp\/v2\/posts"}],"about":[{"href":"https:\/\/meier-gerdingh.de\/wp-spd-ob\/wp-json\/wp\/v2\/types\/post"}],"author":[{"embeddable":true,"href":"https:\/\/meier-gerdingh.de\/wp-spd-ob\/wp-json\/wp\/v2\/users\/1"}],"replies":[{"embeddable":true,"href":"https:\/\/meier-gerdingh.de\/wp-spd-ob\/wp-json\/wp\/v2\/comments?post=6509"}],"version-history":[{"count":0,"href":"https:\/\/meier-gerdingh.de\/wp-spd-ob\/wp-json\/wp\/v2\/posts\/6509\/revisions"}],"wp:attachment":[{"href":"https:\/\/meier-gerdingh.de\/wp-spd-ob\/wp-json\/wp\/v2\/media?parent=6509"}],"wp:term":[{"taxonomy":"category","embeddable":true,"href":"https:\/\/meier-gerdingh.de\/wp-spd-ob\/wp-json\/wp\/v2\/categories?post=6509"},{"taxonomy":"post_tag","embeddable":true,"href":"https:\/\/meier-gerdingh.de\/wp-spd-ob\/wp-json\/wp\/v2\/tags?post=6509"},{"taxonomy":"quellen","embeddable":true,"href":"https:\/\/meier-gerdingh.de\/wp-spd-ob\/wp-json\/wp\/v2\/quellen?post=6509"}],"curies":[{"name":"wp","href":"https:\/\/api.w.org\/{rel}","templated":true}]}}