{"id":6514,"date":"2019-09-19T20:47:33","date_gmt":"2019-09-19T18:47:33","guid":{"rendered":"https:\/\/meier-gerdingh.de\/wp-spd-ob\/?p=6514"},"modified":"2019-09-19T20:51:31","modified_gmt":"2019-09-19T18:51:31","slug":"faire-arbeitsbedingungen-fuer-reinigungskraefte","status":"publish","type":"post","link":"https:\/\/meier-gerdingh.de\/wp-spd-ob\/2019\/09\/19\/faire-arbeitsbedingungen-fuer-reinigungskraefte\/","title":{"rendered":"Faire Arbeitsbedingungen f\u00fcr Reinigungskr\u00e4fte"},"content":{"rendered":"<p><a href=\"https:\/\/meier-gerdingh.de\/wp-spd-ob\/wp-content\/uploads\/2019\/09\/bongers-reinigungskraefte-1200.jpg\"><img decoding=\"async\" class=\"aligncenter size-full wp-image-6511\" src=\"https:\/\/meier-gerdingh.de\/wp-spd-ob\/wp-content\/uploads\/2019\/09\/bongers-reinigungskraefte.jpg\" alt=\"\" width=\"720\" height=\"540\" srcset=\"https:\/\/meier-gerdingh.de\/wp-spd-ob\/wp-content\/uploads\/2019\/09\/bongers-reinigungskraefte.jpg 720w, https:\/\/meier-gerdingh.de\/wp-spd-ob\/wp-content\/uploads\/2019\/09\/bongers-reinigungskraefte-300x225.jpg 300w\" sizes=\"(max-width: 720px) 100vw, 720px\" \/><\/a>&#8222;Weil Sauberkeit ihren Preis hat, setzen mein Landtagskollege Sven Wolf und ich uns f\u00fcr faire Arbeitsbedingungen von Reinigungskr\u00e4ften ein. Sven B\u00f6nnemann von der Industriegewerkschaft Bauen-Agrar-Umwelt (IG BAU) hat uns gestern im Landtag besucht und uns \u00fcber einen neu zu verhandelnden Tarifrahmenvertrag informiert, in dem Reinigungskr\u00e4fte nach einer abgeschlossenen Ausbildung gerecht eingruppiert werden sollen. Au\u00dferdem soll er ein Weihnachtsgeld enthalten&#8220;, berichtet die Landtagsabgeordnete Sonja Bongers (SPD).<!--more--><\/p>\n<p>Leider wurde der alte Rahmentarifvertrag zum 1. Oktober 2019 von den Arbeitgebern gek\u00fcndigt. Seitdem m\u00fcssen vor allem Teilzeitkr\u00e4fte mit einer Verschlechterung ihrer Arbeitsvertr\u00e4ge leben. Dabei werden die t\u00e4glichen Arbeitsstunden nicht fest eingehalten, sondern die Arbeitnehmer m\u00fcssen flexibel einsatzbereit sein.<\/p>\n<p>Die IG BAU nennt dabei ein Beispiel: Die Kollegin hat einen Arbeitsvertrag \u00fcber vier Stunden t\u00e4glich, arbeitet aber regelm\u00e4\u00dfig eine bis drei Stunden ohne \u00dcberstundenzuschlag mehr pro Tag, welche einem Zeitkonto gut geschrieben werden. Wenn sie krank ist oder Urlaub hat, f\u00e4llt sie dann h\u00e4ufig auf ihre vertraglich vereinbarten Stunden zur\u00fcck. &#8222;Wir finden das geht so nicht. Ehrliche Arbeit hat auch ehrliche Rahmenbedingungen und angemessene Bezahlung verdient&#8220;, sagt Sonja Bongers.<\/p>\n","protected":false},"excerpt":{"rendered":"<p>&#8222;Weil Sauberkeit ihren Preis hat, setzen mein Landtagskollege Sven Wolf und ich uns f\u00fcr faire Arbeitsbedingungen von Reinigungskr\u00e4ften ein. Sven B\u00f6nnemann von der Industriegewerkschaft Bauen-Agrar-Umwelt (IG BAU) hat uns gestern&hellip; <\/p>\n","protected":false},"author":1,"featured_media":0,"comment_status":"closed","ping_status":"closed","sticky":false,"template":"","format":"standard","meta":{"footnotes":""},"categories":[174],"tags":[2068,2069,1437,2071,2070],"quellen":[1317],"class_list":["post-6514","post","type-post","status-publish","format-standard","hentry","category-arbeit-und-soziales","tag-ig-bau","tag-reinigungskraefte","tag-teilzeitarbeit","tag-ueberstunden","tag-weihnachtsgeld","quellen-mdl-sonja-bongers"],"_links":{"self":[{"href":"https:\/\/meier-gerdingh.de\/wp-spd-ob\/wp-json\/wp\/v2\/posts\/6514","targetHints":{"allow":["GET"]}}],"collection":[{"href":"https:\/\/meier-gerdingh.de\/wp-spd-ob\/wp-json\/wp\/v2\/posts"}],"about":[{"href":"https:\/\/meier-gerdingh.de\/wp-spd-ob\/wp-json\/wp\/v2\/types\/post"}],"author":[{"embeddable":true,"href":"https:\/\/meier-gerdingh.de\/wp-spd-ob\/wp-json\/wp\/v2\/users\/1"}],"replies":[{"embeddable":true,"href":"https:\/\/meier-gerdingh.de\/wp-spd-ob\/wp-json\/wp\/v2\/comments?post=6514"}],"version-history":[{"count":0,"href":"https:\/\/meier-gerdingh.de\/wp-spd-ob\/wp-json\/wp\/v2\/posts\/6514\/revisions"}],"wp:attachment":[{"href":"https:\/\/meier-gerdingh.de\/wp-spd-ob\/wp-json\/wp\/v2\/media?parent=6514"}],"wp:term":[{"taxonomy":"category","embeddable":true,"href":"https:\/\/meier-gerdingh.de\/wp-spd-ob\/wp-json\/wp\/v2\/categories?post=6514"},{"taxonomy":"post_tag","embeddable":true,"href":"https:\/\/meier-gerdingh.de\/wp-spd-ob\/wp-json\/wp\/v2\/tags?post=6514"},{"taxonomy":"quellen","embeddable":true,"href":"https:\/\/meier-gerdingh.de\/wp-spd-ob\/wp-json\/wp\/v2\/quellen?post=6514"}],"curies":[{"name":"wp","href":"https:\/\/api.w.org\/{rel}","templated":true}]}}