{"id":6523,"date":"2019-09-26T20:56:39","date_gmt":"2019-09-26T18:56:39","guid":{"rendered":"https:\/\/meier-gerdingh.de\/wp-spd-ob\/?p=6523"},"modified":"2019-09-27T20:57:08","modified_gmt":"2019-09-27T18:57:08","slug":"jusos-haben-hohe-erwartungen-an-laschet","status":"publish","type":"post","link":"https:\/\/meier-gerdingh.de\/wp-spd-ob\/2019\/09\/26\/jusos-haben-hohe-erwartungen-an-laschet\/","title":{"rendered":"Jusos haben hohe Erwartungen an Laschet"},"content":{"rendered":"<p><a href=\"https:\/\/meier-gerdingh.de\/wp-spd-ob\/wp-content\/uploads\/logo_jusos_oberhausen.gif\"><img decoding=\"async\" class=\"alignleft size-full wp-image-1506\" src=\"https:\/\/meier-gerdingh.de\/wp-spd-ob\/wp-content\/uploads\/logo_jusos_oberhausen.gif\" alt=\"\" width=\"189\" height=\"104\" \/><\/a>Die bisher bekannt gewordenen Forderungen und Projekte der Ruhrkonferenz lesen sich wie eine Liste von Dingen, die in den Kommunen sowieso schon bestehen oder entstehen und lassen wenig Raum f\u00fcr Visionen. Die Jusos Oberhausen fordern, dass sich die Landesregierung mit den echten Problemen im Ruhrgebiet besch\u00e4ftigt \u2013 wie beispielsweise dem Altschuldenfonds und einer ausreichenden Finanzierung der sich im Strukturwandel befindlichen Metropole Ruhr.<!--more--><\/p>\n<p>Gianni Virgallita, Vorsitzender der Jusos in Oberhausen dazu: &#8222;Armin Laschet l\u00e4sst gro\u00df verk\u00fcnden, dass er die Interessen des Ruhrgebietes vertreten will, w\u00e4hrend sein Finanzminister regelm\u00e4\u00dfig Gelder aus dem Haushalt auf das Land und nicht in die Ruhrgebietskommunen schickt. Das nennt man unglaubw\u00fcrdig.&#8220;<\/p>\n<p>Zwar m\u00fcssen die l\u00e4ndlichen Regionen in NRW auch eine intakte Infrastruktur f\u00fcr ihre B\u00fcrger*innen vorhalten, allerdings ist im Pott alles auf Kante gen\u00e4ht und die vom Land verordneten Spardiktate um die schwarze Null einzuhalten, haben schon so einige K\u00e4mmereien verzweifeln lassen.<\/p>\n<p>Wir ben\u00f6tigen eine Investitionsoffensive im Ruhrgebiet, damit Kitas, Br\u00fccken, B\u00e4der, Schulen und der \u00d6PNV genauso ausgebaut werden k\u00f6nnen, wie die Ortsumgehung im M\u00fcnsterland.<\/p>\n<p>Wir Jusos werden den Ministerpr\u00e4sidenten beim Wort nehmen, wenn er sagt, dass er am Freitag in Oberhausen mit den Menschen ins Gespr\u00e4ch kommen wolle. Der Pott braucht Verl\u00e4sslichkeit in D\u00fcsseldorf und keine &#8222;Sch\u00f6ne-Bilder-Touren&#8220;.<\/p>\n","protected":false},"excerpt":{"rendered":"<p>Die bisher bekannt gewordenen Forderungen und Projekte der Ruhrkonferenz lesen sich wie eine Liste von Dingen, die in den Kommunen sowieso schon bestehen oder entstehen und lassen wenig Raum f\u00fcr&hellip; <\/p>\n","protected":false},"author":1,"featured_media":0,"comment_status":"closed","ping_status":"closed","sticky":false,"template":"","format":"standard","meta":{"footnotes":""},"categories":[2076],"tags":[1287,1555,1524],"quellen":[362],"class_list":["post-6523","post","type-post","status-publish","format-standard","hentry","category-ruhrgebiet","tag-altschuldenfonds","tag-ruhrgebietsstaedte","tag-ruhrkonferenz","quellen-jusos-oberhausen"],"_links":{"self":[{"href":"https:\/\/meier-gerdingh.de\/wp-spd-ob\/wp-json\/wp\/v2\/posts\/6523","targetHints":{"allow":["GET"]}}],"collection":[{"href":"https:\/\/meier-gerdingh.de\/wp-spd-ob\/wp-json\/wp\/v2\/posts"}],"about":[{"href":"https:\/\/meier-gerdingh.de\/wp-spd-ob\/wp-json\/wp\/v2\/types\/post"}],"author":[{"embeddable":true,"href":"https:\/\/meier-gerdingh.de\/wp-spd-ob\/wp-json\/wp\/v2\/users\/1"}],"replies":[{"embeddable":true,"href":"https:\/\/meier-gerdingh.de\/wp-spd-ob\/wp-json\/wp\/v2\/comments?post=6523"}],"version-history":[{"count":0,"href":"https:\/\/meier-gerdingh.de\/wp-spd-ob\/wp-json\/wp\/v2\/posts\/6523\/revisions"}],"wp:attachment":[{"href":"https:\/\/meier-gerdingh.de\/wp-spd-ob\/wp-json\/wp\/v2\/media?parent=6523"}],"wp:term":[{"taxonomy":"category","embeddable":true,"href":"https:\/\/meier-gerdingh.de\/wp-spd-ob\/wp-json\/wp\/v2\/categories?post=6523"},{"taxonomy":"post_tag","embeddable":true,"href":"https:\/\/meier-gerdingh.de\/wp-spd-ob\/wp-json\/wp\/v2\/tags?post=6523"},{"taxonomy":"quellen","embeddable":true,"href":"https:\/\/meier-gerdingh.de\/wp-spd-ob\/wp-json\/wp\/v2\/quellen?post=6523"}],"curies":[{"name":"wp","href":"https:\/\/api.w.org\/{rel}","templated":true}]}}