{"id":6534,"date":"2019-10-08T17:17:09","date_gmt":"2019-10-08T15:17:09","guid":{"rendered":"https:\/\/meier-gerdingh.de\/wp-spd-ob\/?p=6534"},"modified":"2019-10-18T17:17:34","modified_gmt":"2019-10-18T15:17:34","slug":"ungleiches-ungleich-behandeln","status":"publish","type":"post","link":"https:\/\/meier-gerdingh.de\/wp-spd-ob\/2019\/10\/08\/ungleiches-ungleich-behandeln\/","title":{"rendered":"Ungleiches ungleich behandeln"},"content":{"rendered":"<div id=\"attachment_4242\" style=\"width: 150px\" class=\"wp-caption alignleft\"><a href=\"https:\/\/meier-gerdingh.de\/wp-spd-ob\/wp-content\/uploads\/2017\/05\/zimkeit_stefan_17.jpg\"><img aria-describedby=\"caption-attachment-4242\" decoding=\"async\" class=\"size-full wp-image-4242\" src=\"https:\/\/meier-gerdingh.de\/wp-spd-ob\/wp-content\/uploads\/2017\/05\/zimkeit_stefan_17.jpg\" alt=\"\" width=\"140\" height=\"192\" \/><\/a><p id=\"caption-attachment-4242\" class=\"wp-caption-text\">Stefan Zimkeit ist Landtagsabgeordneter f\u00fcr Oberhausen-Sterkrade und Dinslaken sowie haushalts- und finanzpolitischer Sprecher der SPD-Landtagsfraktion<\/p><\/div>\n<p>&#8222;Fast alle Sachverst\u00e4ndigen unterst\u00fctzen die Forderung der SPD-Ratsfraktion, dass das Land die sozialen Herausforderungen ber\u00fccksichtigen muss, mit denen sich die Schulen konfrontiert sehen&#8220;, berichtet Stefan Zimkeit von einer Expertenanh\u00f6rung im Landtag. &#8222;Die sozialen Faktoren sollten bei der Zuweisung von Personal und Geld im Vordergrund stehen. Ungleiches muss ungleich behandelt werden.&#8220;<\/p>\n<p>Es sei Unfug, dass D\u00fcsseldorf einen Gro\u00dfteil der Mittel mit der Gie\u00dfkanne auf die Schulen verteilt. &#8222;Sondern es muss darum gehen, dass jede Schule ihren p\u00e4dagogischen Auftrag erf\u00fcllen kann&#8220;, fordert der SPD-Finanzexperte. &#8222;NRW ben\u00f6tigt einen schulscharfen Sozialindex, um zielgerichtet unterst\u00fctzen zu k\u00f6nnen.&#8220;<!--more--><\/p>\n<p>Die SPD-Fraktion hat eine entsprechende Initiative im Landtag auf den Weg gebracht.<\/p>\n<p>&#8222;Ich bef\u00fcrchte aber, dass CDU und FDP diesen Vorsto\u00df blockieren werden&#8220;, sagt Stefan Zimkeit. Er weist darauf hin, dass die schwarz-gelbe Koalition immer mehr Entscheidungen zu Lasten von Ruhrgebietsst\u00e4dten wie Oberhausen f\u00e4llt.<\/p>\n<p>&#8222;Beim schulscharfen Sozialindex geht es um objektive Kriterien, anhand derer jede einzelne Schule Lehrkr\u00e4fte, Sozialarbeiter und weitere Ressourcen zugewiesen bekommt&#8220;, erl\u00e4utert der Abgeordnete Zimkeit.<\/p>\n<p>In welchem Umfeld sich eine Schule befindet oder welchen famili\u00e4ren Hintergrund die Sch\u00fclerinnen und Sch\u00fcler haben, m\u00fcsse eine entscheidende Rolle spielen. &#8222;Die Ausstattung muss dort am besten sein, wo die Herausforderungen am gr\u00f6\u00dften sind.&#8220;<\/p>\n","protected":false},"excerpt":{"rendered":"<p>&#8222;Fast alle Sachverst\u00e4ndigen unterst\u00fctzen die Forderung der SPD-Ratsfraktion, dass das Land die sozialen Herausforderungen ber\u00fccksichtigen muss, mit denen sich die Schulen konfrontiert sehen&#8220;, berichtet Stefan Zimkeit von einer Expertenanh\u00f6rung im&hellip; <\/p>\n","protected":false},"author":1,"featured_media":0,"comment_status":"closed","ping_status":"closed","sticky":false,"template":"","format":"standard","meta":{"footnotes":""},"categories":[216,2],"tags":[1958,1373,2078,1306,1555,2077,123,1379],"quellen":[331],"class_list":["post-6534","post","type-post","status-publish","format-standard","hentry","category-land","category-schule","tag-landtagsanhoerung","tag-lehrerstellen","tag-personalausstattung-schulen","tag-ruhrgebiet","tag-ruhrgebietsstaedte","tag-schulscharfer-sozialindex","tag-schulsozialarbeit","tag-sozialindex","quellen-mdl-stefan-zimkeit"],"_links":{"self":[{"href":"https:\/\/meier-gerdingh.de\/wp-spd-ob\/wp-json\/wp\/v2\/posts\/6534","targetHints":{"allow":["GET"]}}],"collection":[{"href":"https:\/\/meier-gerdingh.de\/wp-spd-ob\/wp-json\/wp\/v2\/posts"}],"about":[{"href":"https:\/\/meier-gerdingh.de\/wp-spd-ob\/wp-json\/wp\/v2\/types\/post"}],"author":[{"embeddable":true,"href":"https:\/\/meier-gerdingh.de\/wp-spd-ob\/wp-json\/wp\/v2\/users\/1"}],"replies":[{"embeddable":true,"href":"https:\/\/meier-gerdingh.de\/wp-spd-ob\/wp-json\/wp\/v2\/comments?post=6534"}],"version-history":[{"count":0,"href":"https:\/\/meier-gerdingh.de\/wp-spd-ob\/wp-json\/wp\/v2\/posts\/6534\/revisions"}],"wp:attachment":[{"href":"https:\/\/meier-gerdingh.de\/wp-spd-ob\/wp-json\/wp\/v2\/media?parent=6534"}],"wp:term":[{"taxonomy":"category","embeddable":true,"href":"https:\/\/meier-gerdingh.de\/wp-spd-ob\/wp-json\/wp\/v2\/categories?post=6534"},{"taxonomy":"post_tag","embeddable":true,"href":"https:\/\/meier-gerdingh.de\/wp-spd-ob\/wp-json\/wp\/v2\/tags?post=6534"},{"taxonomy":"quellen","embeddable":true,"href":"https:\/\/meier-gerdingh.de\/wp-spd-ob\/wp-json\/wp\/v2\/quellen?post=6534"}],"curies":[{"name":"wp","href":"https:\/\/api.w.org\/{rel}","templated":true}]}}