{"id":6546,"date":"2019-10-27T18:30:26","date_gmt":"2019-10-27T17:30:26","guid":{"rendered":"https:\/\/meier-gerdingh.de\/wp-spd-ob\/?p=6546"},"modified":"2019-10-30T18:36:45","modified_gmt":"2019-10-30T17:36:45","slug":"stefan-zimkeit-unterstuetzt-norbert-walter-borjans","status":"publish","type":"post","link":"https:\/\/meier-gerdingh.de\/wp-spd-ob\/2019\/10\/27\/stefan-zimkeit-unterstuetzt-norbert-walter-borjans\/","title":{"rendered":"Stefan Zimkeit unterst\u00fctzt Norbert Walter-Borjans"},"content":{"rendered":"<div id=\"attachment_4242\" style=\"width: 150px\" class=\"wp-caption alignleft\"><a href=\"https:\/\/meier-gerdingh.de\/wp-spd-ob\/wp-content\/uploads\/2017\/05\/zimkeit_stefan_17.jpg\"><img aria-describedby=\"caption-attachment-4242\" decoding=\"async\" class=\"size-full wp-image-4242\" src=\"https:\/\/meier-gerdingh.de\/wp-spd-ob\/wp-content\/uploads\/2017\/05\/zimkeit_stefan_17.jpg\" alt=\"\" width=\"140\" height=\"192\" \/><\/a><p id=\"caption-attachment-4242\" class=\"wp-caption-text\">Stefan Zimkeit ist Landtagsabgeordneter f\u00fcr Oberhausen-Sterkrade und Dinslaken sowie haushalts- und finanzpolitischer Sprecher der SPD-Landtagsfraktion<\/p><\/div>\n<p>&#8222;Die Mitgliederbefragung zum SPD-Vorsitz ist ein Erfolg&#8220;, sagt Stefan Zimkeit. Der Landtagsabgeordnete betont, dass die SPD sich in 23 Regionalversammlungen als offen und diskussionsfreudig pr\u00e4sentiert hat. &#8222;Das wird zu recht oft vermisst: der faire Wettstreit um die besseren Ideen.&#8220;<\/p>\n<p>Im zweiten Wahlgang kann Norbert Walter-Borjans, der gemeinsam mit Saskia Esken kandidiert, auf die Unterst\u00fctzung durch Zimkeit setzen. Der Oberhausener Finanzpolitiker hat schon in der Zeit, als Walter-Borjans Minister war, mit diesem eng zusammengearbeitet.<!--more--><\/p>\n<p>&#8222;Kaum einer kennt die Probleme der St\u00e4dte bei uns so gut wie er&#8220;, argumentiert Stefan Zimkeit. &#8222;Mit seinem Kampf gegen Steuerkriminalit\u00e4t hat er deutlich gemacht, wie man das Gerechtigkeitsthema nicht als Phrase, sondern als Handlungsanweisung versteht.<\/p>\n<p>Ich finde es immer noch beindruckend, wie Norbert Walter-Borjans mit dem Ankauf von Steuer-CDs gegen Schweizer Banken und heimisches Schwarzgeld vorging&#8220;, erinnert Zimkeit daran, wie der damalige Finanzminister den Beinahmen &#8222;Robin Hood der Steuerzahler&#8220; erhielt. &#8222;Die SPD braucht jemanden an ihrer Spitze, der mit Leidenschaft f\u00fcr Steuergerechtigkeit k\u00e4mpft und keine Scheu hat, sich mit m\u00e4chtigen Lobbygruppen anzulegen.&#8220;<\/p>\n","protected":false},"excerpt":{"rendered":"<p>&#8222;Die Mitgliederbefragung zum SPD-Vorsitz ist ein Erfolg&#8220;, sagt Stefan Zimkeit. Der Landtagsabgeordnete betont, dass die SPD sich in 23 Regionalversammlungen als offen und diskussionsfreudig pr\u00e4sentiert hat. &#8222;Das wird zu recht&hellip; <\/p>\n","protected":false},"author":1,"featured_media":0,"comment_status":"closed","ping_status":"closed","sticky":false,"template":"","format":"standard","meta":{"footnotes":""},"categories":[173],"tags":[727,827,2087,830,1025],"quellen":[331],"class_list":["post-6546","post","type-post","status-publish","format-standard","hentry","category-parteileben","tag-mitgliederbefragung","tag-norbert-walter-borjans","tag-spd-vorsitz","tag-steuergerechtigkeit","tag-steuerkriminalitaet","quellen-mdl-stefan-zimkeit"],"_links":{"self":[{"href":"https:\/\/meier-gerdingh.de\/wp-spd-ob\/wp-json\/wp\/v2\/posts\/6546","targetHints":{"allow":["GET"]}}],"collection":[{"href":"https:\/\/meier-gerdingh.de\/wp-spd-ob\/wp-json\/wp\/v2\/posts"}],"about":[{"href":"https:\/\/meier-gerdingh.de\/wp-spd-ob\/wp-json\/wp\/v2\/types\/post"}],"author":[{"embeddable":true,"href":"https:\/\/meier-gerdingh.de\/wp-spd-ob\/wp-json\/wp\/v2\/users\/1"}],"replies":[{"embeddable":true,"href":"https:\/\/meier-gerdingh.de\/wp-spd-ob\/wp-json\/wp\/v2\/comments?post=6546"}],"version-history":[{"count":0,"href":"https:\/\/meier-gerdingh.de\/wp-spd-ob\/wp-json\/wp\/v2\/posts\/6546\/revisions"}],"wp:attachment":[{"href":"https:\/\/meier-gerdingh.de\/wp-spd-ob\/wp-json\/wp\/v2\/media?parent=6546"}],"wp:term":[{"taxonomy":"category","embeddable":true,"href":"https:\/\/meier-gerdingh.de\/wp-spd-ob\/wp-json\/wp\/v2\/categories?post=6546"},{"taxonomy":"post_tag","embeddable":true,"href":"https:\/\/meier-gerdingh.de\/wp-spd-ob\/wp-json\/wp\/v2\/tags?post=6546"},{"taxonomy":"quellen","embeddable":true,"href":"https:\/\/meier-gerdingh.de\/wp-spd-ob\/wp-json\/wp\/v2\/quellen?post=6546"}],"curies":[{"name":"wp","href":"https:\/\/api.w.org\/{rel}","templated":true}]}}