{"id":6560,"date":"2019-10-31T20:27:49","date_gmt":"2019-10-31T19:27:49","guid":{"rendered":"https:\/\/meier-gerdingh.de\/wp-spd-ob\/?p=6560"},"modified":"2019-11-05T20:32:46","modified_gmt":"2019-11-05T19:32:46","slug":"spd-vorschlag-zur-sozialkonferenz-einstimmig-beschlossen","status":"publish","type":"post","link":"https:\/\/meier-gerdingh.de\/wp-spd-ob\/2019\/10\/31\/spd-vorschlag-zur-sozialkonferenz-einstimmig-beschlossen\/","title":{"rendered":"SPD-Vorschlag zur Sozialkonferenz einstimmig beschlossen"},"content":{"rendered":"<div id=\"attachment_6411\" style=\"width: 190px\" class=\"wp-caption alignleft\"><a href=\"https:\/\/meier-gerdingh.de\/wp-spd-ob\/wp-content\/uploads\/2019\/06\/14_telli_ercan_1000.jpg\"><img aria-describedby=\"caption-attachment-6411\" decoding=\"async\" class=\"size-full wp-image-6411\" src=\"https:\/\/meier-gerdingh.de\/wp-spd-ob\/wp-content\/uploads\/2019\/06\/14_telli_ercan.jpg\" alt=\"\" width=\"180\" height=\"180\" srcset=\"https:\/\/meier-gerdingh.de\/wp-spd-ob\/wp-content\/uploads\/2019\/06\/14_telli_ercan.jpg 180w, https:\/\/meier-gerdingh.de\/wp-spd-ob\/wp-content\/uploads\/2019\/06\/14_telli_ercan-150x150.jpg 150w\" sizes=\"(max-width: 180px) 100vw, 180px\" \/><\/a><p id=\"caption-attachment-6411\" class=\"wp-caption-text\">Ercan Telli ist sozialpolitischer Sprecher der SPD-Fraktion<\/p><\/div>\n<p>Der Sozialausschuss hat in seiner j\u00fcngsten Sitzung den Antrag der SPD-Fraktion zur regelm\u00e4\u00dfigen Einberufung einer Sozialkonferenz einstimmig beschlossen. St\u00e4ndige Teilnehmer dieser mindestens einmal j\u00e4hrlich stattfindenden Expertenrunde sollten die Vorsitzende und der stellvertretende Vorsitzende des Sozialausschusses sowie die soziapolitischen Sprecherinnen und Sprecher der Fraktionen und Gruppen sein, ebenso Vertreter der Wohlfahrtsverb\u00e4nde und des Sozialdezernates. Fachleute k\u00f6nnten themenorientiert zudem eingeladen werden.<\/p>\n<p>Ziel der Sozialkonferenz soll es sein, durch eine gemeinsame und langfristige Planung eine Grundlage zu bilden f\u00fcr eine ziel- und wirkungsorientierte Sozialpolitik und eine entsprechende, bedarfsgerechte Infrastruktur.<!--more--><\/p>\n<p>&#8222;Wir wollen so die Zusammenarbeit zwischen \u00f6ffentlichen und freien Tr\u00e4gern verbessern. Entscheidungen der kommunalen Sozialpolitik sollen in diesem Gremium vorbereitet werden&#8220;, erkl\u00e4rt Ercan Telli, sozialpolitischer Sprecher der SPD-Ratsfraktion.<\/p>\n<p>&#8222;Wenn wir strategische Konzepte dort fr\u00fchzeitig auf den Weg bringen und unsere Ziele pr\u00e4zise formulieren, sollte es auch gelingen, \u00fcber- und au\u00dferplanm\u00e4\u00dfige Ausgaben f\u00fcr die Stadt zu vermeiden&#8220;, erkl\u00e4rt Telli.<\/p>\n","protected":false},"excerpt":{"rendered":"<p>Der Sozialausschuss hat in seiner j\u00fcngsten Sitzung den Antrag der SPD-Fraktion zur regelm\u00e4\u00dfigen Einberufung einer Sozialkonferenz einstimmig beschlossen. St\u00e4ndige Teilnehmer dieser mindestens einmal j\u00e4hrlich stattfindenden Expertenrunde sollten die Vorsitzende und&hellip; <\/p>\n","protected":false},"author":1,"featured_media":0,"comment_status":"closed","ping_status":"closed","sticky":false,"template":"","format":"standard","meta":{"footnotes":""},"categories":[174],"tags":[1614,1576,319,2092,1784],"quellen":[326],"class_list":["post-6560","post","type-post","status-publish","format-standard","hentry","category-arbeit-und-soziales","tag-antrag","tag-freie-traeger","tag-sozialausschuss","tag-sozialkonferenz","tag-wohlfahrtsverbaende","quellen-spd-fraktion-oberhausen"],"_links":{"self":[{"href":"https:\/\/meier-gerdingh.de\/wp-spd-ob\/wp-json\/wp\/v2\/posts\/6560","targetHints":{"allow":["GET"]}}],"collection":[{"href":"https:\/\/meier-gerdingh.de\/wp-spd-ob\/wp-json\/wp\/v2\/posts"}],"about":[{"href":"https:\/\/meier-gerdingh.de\/wp-spd-ob\/wp-json\/wp\/v2\/types\/post"}],"author":[{"embeddable":true,"href":"https:\/\/meier-gerdingh.de\/wp-spd-ob\/wp-json\/wp\/v2\/users\/1"}],"replies":[{"embeddable":true,"href":"https:\/\/meier-gerdingh.de\/wp-spd-ob\/wp-json\/wp\/v2\/comments?post=6560"}],"version-history":[{"count":0,"href":"https:\/\/meier-gerdingh.de\/wp-spd-ob\/wp-json\/wp\/v2\/posts\/6560\/revisions"}],"wp:attachment":[{"href":"https:\/\/meier-gerdingh.de\/wp-spd-ob\/wp-json\/wp\/v2\/media?parent=6560"}],"wp:term":[{"taxonomy":"category","embeddable":true,"href":"https:\/\/meier-gerdingh.de\/wp-spd-ob\/wp-json\/wp\/v2\/categories?post=6560"},{"taxonomy":"post_tag","embeddable":true,"href":"https:\/\/meier-gerdingh.de\/wp-spd-ob\/wp-json\/wp\/v2\/tags?post=6560"},{"taxonomy":"quellen","embeddable":true,"href":"https:\/\/meier-gerdingh.de\/wp-spd-ob\/wp-json\/wp\/v2\/quellen?post=6560"}],"curies":[{"name":"wp","href":"https:\/\/api.w.org\/{rel}","templated":true}]}}