{"id":6562,"date":"2019-11-06T16:28:32","date_gmt":"2019-11-06T15:28:32","guid":{"rendered":"https:\/\/meier-gerdingh.de\/wp-spd-ob\/?p=6562"},"modified":"2019-11-06T16:28:32","modified_gmt":"2019-11-06T15:28:32","slug":"17-millionen-euro-zu-wenig","status":"publish","type":"post","link":"https:\/\/meier-gerdingh.de\/wp-spd-ob\/2019\/11\/06\/17-millionen-euro-zu-wenig\/","title":{"rendered":"17 Millionen Euro zu wenig"},"content":{"rendered":"<div id=\"attachment_4242\" style=\"width: 150px\" class=\"wp-caption alignleft\"><a href=\"https:\/\/meier-gerdingh.de\/wp-spd-ob\/wp-content\/uploads\/2017\/05\/zimkeit_stefan_17.jpg\"><img aria-describedby=\"caption-attachment-4242\" decoding=\"async\" class=\"size-full wp-image-4242\" src=\"https:\/\/meier-gerdingh.de\/wp-spd-ob\/wp-content\/uploads\/2017\/05\/zimkeit_stefan_17.jpg\" alt=\"\" width=\"140\" height=\"192\" \/><\/a><p id=\"caption-attachment-4242\" class=\"wp-caption-text\">Stefan Zimkeit ist Landtagsabgeordneter f\u00fcr Oberhausen-Sterkrade und Dinslaken sowie haushalts- und finanzpolitischer Sprecher der SPD-Landtagsfraktion<\/p><\/div>\n<p>237 Millionen Euro erh\u00e4lt Oberhausen im n\u00e4chsten Jahr aus den Mitteln der NRW-Kommunalfinanzierung. &#8222;Wegen der guten Konjunktur und steigender Steuereinnahmen sind das 5,6 Prozent mehr als in 2019&#8220;, so Stefan Zimkeit. &#8222;Das sind trotzdem 17 Millionen Euro zu wenig&#8220;, ist der Abgeordnete mit der jetzt vorgelegten Modellrechnung der CDU-FDP-Landesregierung nicht einverstanden.<\/p>\n<p>&#8222;Durch ver\u00e4nderte Verteilschl\u00fcssel wird auf die sozialen Lasten kaum noch R\u00fccksicht genommen und immer mehr Geld flie\u00dft in den l\u00e4ndlichen Raum. Allein durch die Einf\u00fchrung einer so genannten Unterhaltungspauschale, die nicht nur an finanzschwache, sondern auch an reiche St\u00e4dte ausgezahlt wird, verliert Oberhausen 2,5 Millionen Euro.<!--more--><\/p>\n<p>W\u00e4hrend wohlhabende Kommunen jetzt \u00fcber verg\u00fcnstigte Bustickets und kostenfreie Ganztagsgrundschulen nachdenken, wird das Ruhrgebiet immer mehr abgeh\u00e4ngt&#8220;, wirft Zimkeit der schwarz-gelben Koalition vor. &#8222;Oberhausen kann es sich nicht leisten auf 17 Millionen Euro zu verzichten&#8220;, weist er auf den Investitionsbedarf im \u00f6ffentlichen Nahverkehr sowie in Schulen, Kitas und der Jugendarbeit hin.<\/p>\n","protected":false},"excerpt":{"rendered":"<p>237 Millionen Euro erh\u00e4lt Oberhausen im n\u00e4chsten Jahr aus den Mitteln der NRW-Kommunalfinanzierung. &#8222;Wegen der guten Konjunktur und steigender Steuereinnahmen sind das 5,6 Prozent mehr als in 2019&#8220;, so Stefan&hellip; <\/p>\n","protected":false},"author":1,"featured_media":0,"comment_status":"closed","ping_status":"closed","sticky":false,"template":"","format":"standard","meta":{"footnotes":""},"categories":[98,216],"tags":[14,1306,2093,2094],"quellen":[331],"class_list":["post-6562","post","type-post","status-publish","format-standard","hentry","category-finanzen","category-land","tag-kommunalfinanzen","tag-ruhrgebiet","tag-unterhaltungspauschale","tag-verteilschluessel","quellen-mdl-stefan-zimkeit"],"_links":{"self":[{"href":"https:\/\/meier-gerdingh.de\/wp-spd-ob\/wp-json\/wp\/v2\/posts\/6562","targetHints":{"allow":["GET"]}}],"collection":[{"href":"https:\/\/meier-gerdingh.de\/wp-spd-ob\/wp-json\/wp\/v2\/posts"}],"about":[{"href":"https:\/\/meier-gerdingh.de\/wp-spd-ob\/wp-json\/wp\/v2\/types\/post"}],"author":[{"embeddable":true,"href":"https:\/\/meier-gerdingh.de\/wp-spd-ob\/wp-json\/wp\/v2\/users\/1"}],"replies":[{"embeddable":true,"href":"https:\/\/meier-gerdingh.de\/wp-spd-ob\/wp-json\/wp\/v2\/comments?post=6562"}],"version-history":[{"count":0,"href":"https:\/\/meier-gerdingh.de\/wp-spd-ob\/wp-json\/wp\/v2\/posts\/6562\/revisions"}],"wp:attachment":[{"href":"https:\/\/meier-gerdingh.de\/wp-spd-ob\/wp-json\/wp\/v2\/media?parent=6562"}],"wp:term":[{"taxonomy":"category","embeddable":true,"href":"https:\/\/meier-gerdingh.de\/wp-spd-ob\/wp-json\/wp\/v2\/categories?post=6562"},{"taxonomy":"post_tag","embeddable":true,"href":"https:\/\/meier-gerdingh.de\/wp-spd-ob\/wp-json\/wp\/v2\/tags?post=6562"},{"taxonomy":"quellen","embeddable":true,"href":"https:\/\/meier-gerdingh.de\/wp-spd-ob\/wp-json\/wp\/v2\/quellen?post=6562"}],"curies":[{"name":"wp","href":"https:\/\/api.w.org\/{rel}","templated":true}]}}