{"id":6571,"date":"2019-11-08T18:38:46","date_gmt":"2019-11-08T17:38:46","guid":{"rendered":"https:\/\/meier-gerdingh.de\/wp-spd-ob\/?p=6571"},"modified":"2019-11-08T18:38:46","modified_gmt":"2019-11-08T17:38:46","slug":"zustaende-fuer-spd-nicht-hinnehmbar","status":"publish","type":"post","link":"https:\/\/meier-gerdingh.de\/wp-spd-ob\/2019\/11\/08\/zustaende-fuer-spd-nicht-hinnehmbar\/","title":{"rendered":"Zust\u00e4nde f\u00fcr SPD nicht hinnehmbar"},"content":{"rendered":"<div id=\"attachment_6569\" style=\"width: 730px\" class=\"wp-caption aligncenter\"><a href=\"https:\/\/meier-gerdingh.de\/wp-spd-ob\/wp-content\/uploads\/2019\/11\/europahaus-bw-lg.jpg\"><img aria-describedby=\"caption-attachment-6569\" decoding=\"async\" class=\"size-full wp-image-6569\" src=\"https:\/\/meier-gerdingh.de\/wp-spd-ob\/wp-content\/uploads\/2019\/11\/europahaus-bw.jpg\" alt=\"\" width=\"720\" height=\"301\" srcset=\"https:\/\/meier-gerdingh.de\/wp-spd-ob\/wp-content\/uploads\/2019\/11\/europahaus-bw.jpg 720w, https:\/\/meier-gerdingh.de\/wp-spd-ob\/wp-content\/uploads\/2019\/11\/europahaus-bw-300x125.jpg 300w\" sizes=\"(max-width: 720px) 100vw, 720px\" \/><\/a><p id=\"caption-attachment-6569\" class=\"wp-caption-text\">Das Europahaus am Friedensplatz in Alt-Oberhausen<\/p><\/div>\n<p>Kopfsch\u00fctteln und Unverst\u00e4ndnis hat der Sachstandsbericht zur Situation im Europahaus ausgel\u00f6st, den die SPD-Fraktion in der Bezirksvertretung Alt-Oberhausen beantragt hatte. Im Fr\u00fchjahr hatten die Bewohner einer komplette Etage ihre Wohnungen r\u00e4umen m\u00fcssen wegen eines fehlenden Fluchtwegs.<\/p>\n<p>Wer nun gehofft haben mag, dass die das Europahaus verwaltende Zentral Boden Vermietung und Verwaltung GmbH (ZBVV) die Vorg\u00e4nge im Fr\u00fchjahr als Anlass zur Besserung gesehen h\u00e4tte, wurde in der Bezirksvertretung bitter entt\u00e4uscht: Noch Anfang November hatte die st\u00e4dtische Verwaltung im Rahmen einer Ortsbesichtigung registrieren m\u00fcssen, dass das siebte Obergeschoss, in dem ein fehlender Fluchtweg beanstandet worden war, immer noch unbewohnt ist.<!--more--><\/p>\n<p>Sanierungsarbeiten h\u00e4tten dort begonnen, die Wohnungstrennw\u00e4nde seien allerdings mangelhaft, erfuhren die Bezirksvertreter. Nicht fachgerecht eingeputzte Kabel und Haustechnik, Stolperfallen, in Flur zwischengelagerter Bauschutt und dergleichen mehr z\u00e4hlte der Bericht auf.<\/p>\n<p>&#8222;Die Zust\u00e4nde dort sind absolut nicht hinnehmbar&#8220;, \u00e4rgerte sich Christiane Gerster-Schmidt, die Sprecherin der SPD-Fraktion in Alt-Oberhausen.<\/p>\n<p>Und sie wollte den Fall auch nicht auf sich beruhen lassen. F\u00fcr die n\u00e4chste Sitzung der Bezirksvertretung ist ein Vertreter der ZBVV eingeladen worden, um den Mitgliedern der Bezirksvertretung dort dann Rede und Antwort zu stehen.<\/p>\n","protected":false},"excerpt":{"rendered":"<p>Kopfsch\u00fctteln und Unverst\u00e4ndnis hat der Sachstandsbericht zur Situation im Europahaus ausgel\u00f6st, den die SPD-Fraktion in der Bezirksvertretung Alt-Oberhausen beantragt hatte. Im Fr\u00fchjahr hatten die Bewohner einer komplette Etage ihre Wohnungen&hellip; <\/p>\n","protected":false},"author":1,"featured_media":0,"comment_status":"closed","ping_status":"closed","sticky":false,"template":"","format":"standard","meta":{"footnotes":""},"categories":[27,167],"tags":[144,2053,2101],"quellen":[326],"class_list":["post-6571","post","type-post","status-publish","format-standard","hentry","category-planen-bauen-wohnen-verkehr","category-stadtteile","tag-bezirksvertretung-alt-oberhausen","tag-europahaus","tag-zbvv","quellen-spd-fraktion-oberhausen"],"_links":{"self":[{"href":"https:\/\/meier-gerdingh.de\/wp-spd-ob\/wp-json\/wp\/v2\/posts\/6571","targetHints":{"allow":["GET"]}}],"collection":[{"href":"https:\/\/meier-gerdingh.de\/wp-spd-ob\/wp-json\/wp\/v2\/posts"}],"about":[{"href":"https:\/\/meier-gerdingh.de\/wp-spd-ob\/wp-json\/wp\/v2\/types\/post"}],"author":[{"embeddable":true,"href":"https:\/\/meier-gerdingh.de\/wp-spd-ob\/wp-json\/wp\/v2\/users\/1"}],"replies":[{"embeddable":true,"href":"https:\/\/meier-gerdingh.de\/wp-spd-ob\/wp-json\/wp\/v2\/comments?post=6571"}],"version-history":[{"count":0,"href":"https:\/\/meier-gerdingh.de\/wp-spd-ob\/wp-json\/wp\/v2\/posts\/6571\/revisions"}],"wp:attachment":[{"href":"https:\/\/meier-gerdingh.de\/wp-spd-ob\/wp-json\/wp\/v2\/media?parent=6571"}],"wp:term":[{"taxonomy":"category","embeddable":true,"href":"https:\/\/meier-gerdingh.de\/wp-spd-ob\/wp-json\/wp\/v2\/categories?post=6571"},{"taxonomy":"post_tag","embeddable":true,"href":"https:\/\/meier-gerdingh.de\/wp-spd-ob\/wp-json\/wp\/v2\/tags?post=6571"},{"taxonomy":"quellen","embeddable":true,"href":"https:\/\/meier-gerdingh.de\/wp-spd-ob\/wp-json\/wp\/v2\/quellen?post=6571"}],"curies":[{"name":"wp","href":"https:\/\/api.w.org\/{rel}","templated":true}]}}