{"id":6582,"date":"2019-11-13T18:44:22","date_gmt":"2019-11-13T17:44:22","guid":{"rendered":"https:\/\/meier-gerdingh.de\/wp-spd-ob\/?p=6582"},"modified":"2019-11-13T18:45:01","modified_gmt":"2019-11-13T17:45:01","slug":"mehr-als-100-fragen-zum-umwelt-und-klimaschutz-in-oberhausen","status":"publish","type":"post","link":"https:\/\/meier-gerdingh.de\/wp-spd-ob\/2019\/11\/13\/mehr-als-100-fragen-zum-umwelt-und-klimaschutz-in-oberhausen\/","title":{"rendered":"Mehr als 100 Fragen zum Umwelt- und Klimaschutz in Oberhausen"},"content":{"rendered":"<div id=\"attachment_5396\" style=\"width: 190px\" class=\"wp-caption alignleft\"><a href=\"https:\/\/meier-gerdingh.de\/wp-spd-ob\/wp-content\/uploads\/2018\/07\/14_flore_manfred_1000.jpg\"><img aria-describedby=\"caption-attachment-5396\" decoding=\"async\" class=\"size-full wp-image-5396\" src=\"https:\/\/meier-gerdingh.de\/wp-spd-ob\/wp-content\/uploads\/2018\/07\/14_flore_manfred.jpg\" alt=\"\" width=\"180\" height=\"180\" srcset=\"https:\/\/meier-gerdingh.de\/wp-spd-ob\/wp-content\/uploads\/2018\/07\/14_flore_manfred.jpg 180w, https:\/\/meier-gerdingh.de\/wp-spd-ob\/wp-content\/uploads\/2018\/07\/14_flore_manfred-150x150.jpg 150w\" sizes=\"(max-width: 180px) 100vw, 180px\" \/><\/a><p id=\"caption-attachment-5396\" class=\"wp-caption-text\">Manfred Flore ist umwelt- und kulturpolitischer Sprecher der SPD-Ratsfraktion<\/p><\/div>\n<p>Der Oberhausener Rat hat im Juli die Resolution &#8222;Oberhausener B\u00fcndnis f\u00fcr Klimaschutz&#8220; verabschiedet. Darin ist die Eind\u00e4mmung des Aussto\u00dfes klimasch\u00e4dlicher Gase als Aufgabe von h\u00f6chster Priorit\u00e4t definiert. &#8222;Andererseits hat die Politik mit dieser Resolution auch eingestanden, dass in Oberhausen bisher zu wenig passiert ist, um die angestrebte Senkung des Kohlendioxid-Aussto\u00dfes zu erreichen&#8220;, erkl\u00e4rt der umweltpolitische Sprecher der Fraktion, Manfred Flore. &#8222;Es ist v\u00f6llig klar, dass wir handeln m\u00fcssen. Und Handeln sollte immer auf Wissen basieren&#8220;, so Flore weiter.<!--more--><\/p>\n<p>Aus dieser Einsicht heraus haben die Sozialdemokraten im Rat nun eine <a href=\"https:\/\/meier-gerdingh.de\/wp-spd-ob\/wp-content\/uploads\/2019\/11\/spd-fraktion-grosse-anfrage-klimaschutz-19-11.pdf\">Gro\u00dfe Anfrage<\/a> gestellt, die sich dem Thema Umwelt- und Klimaschutz widmet. In etwas mehr als 100 einzelnen Fragestellungen besch\u00e4ftigt sich die Anfrage mit den Themenbereichen &#8222;Lufthygiene&#8220;, &#8222;verkehrsbedingter L\u00e4rm&#8220;, &#8222;zukunftsweisende Mobilit\u00e4t&#8220;, &#8222;Fl\u00e4chenentwicklung, Gr\u00fcn- und Waldfl\u00e4chen, Stra\u00dfenbaumbestand&#8220;, &#8222;Ressourcen- und Energieeinsparung&#8220;, &#8222;Stadtentwicklung, Wohngeb\u00e4ude&#8220;, &#8222;Klimaanpassung&#8220; sowie &#8222;Personalentwicklung und Beratung&#8220;.<\/p>\n<p>&#8222;Das Thema ist nat\u00fcrlich hochaktuell und auch die Politik befasst sich sehr intensiv damit&#8220;, so Flore. &#8222;Und da kommt es immer wieder vor, dass wir uns mit Themen befassen, die eigentlich schon l\u00e4ngst politisch beschlossen, aber noch nicht oder nur unzureichend umgesetzt sind&#8220;, so Flore, der die Gro\u00dfe Anfrage allerdings nicht als Leistungsschau gelungener Umwelt- und Klimapolitik verstanden wissen will.<\/p>\n<p>&#8222;Die Antworten werden uns auf die Defizite hinweisen und damit die Handlungsfelder f\u00fcr die Zukunft aufzeigen.&#8220; Und daf\u00fcr sei es mittlerweile dringend an der Zeit gewesen: Die letzte Gro\u00dfe Anfrage, die sich mit dem Thema Umwelt- und Klimaschutz in Oberhausen befasst hat, stammt aus dem Jahr 2007. Nun hat die Verwaltung bis zur Ratssitzung am 17. Februar 2020 Zeit, die Fragen zu beantworten.<\/p>\n","protected":false},"excerpt":{"rendered":"<p>Der Oberhausener Rat hat im Juli die Resolution &#8222;Oberhausener B\u00fcndnis f\u00fcr Klimaschutz&#8220; verabschiedet. Darin ist die Eind\u00e4mmung des Aussto\u00dfes klimasch\u00e4dlicher Gase als Aufgabe von h\u00f6chster Priorit\u00e4t definiert. &#8222;Andererseits hat die&hellip; <\/p>\n","protected":false},"author":1,"featured_media":0,"comment_status":"closed","ping_status":"closed","sticky":false,"template":"","format":"standard","meta":{"footnotes":""},"categories":[29],"tags":[1482,484,2107,1648,1645,487],"quellen":[326],"class_list":["post-6582","post","type-post","status-publish","format-standard","hentry","category-umwelt","tag-grosse-anfrage","tag-klimaschutz","tag-oberhausener-buendnis-fuer-klimaschutz","tag-rat-der-stadt","tag-ratsresolution","tag-umweltschutz","quellen-spd-fraktion-oberhausen"],"_links":{"self":[{"href":"https:\/\/meier-gerdingh.de\/wp-spd-ob\/wp-json\/wp\/v2\/posts\/6582","targetHints":{"allow":["GET"]}}],"collection":[{"href":"https:\/\/meier-gerdingh.de\/wp-spd-ob\/wp-json\/wp\/v2\/posts"}],"about":[{"href":"https:\/\/meier-gerdingh.de\/wp-spd-ob\/wp-json\/wp\/v2\/types\/post"}],"author":[{"embeddable":true,"href":"https:\/\/meier-gerdingh.de\/wp-spd-ob\/wp-json\/wp\/v2\/users\/1"}],"replies":[{"embeddable":true,"href":"https:\/\/meier-gerdingh.de\/wp-spd-ob\/wp-json\/wp\/v2\/comments?post=6582"}],"version-history":[{"count":0,"href":"https:\/\/meier-gerdingh.de\/wp-spd-ob\/wp-json\/wp\/v2\/posts\/6582\/revisions"}],"wp:attachment":[{"href":"https:\/\/meier-gerdingh.de\/wp-spd-ob\/wp-json\/wp\/v2\/media?parent=6582"}],"wp:term":[{"taxonomy":"category","embeddable":true,"href":"https:\/\/meier-gerdingh.de\/wp-spd-ob\/wp-json\/wp\/v2\/categories?post=6582"},{"taxonomy":"post_tag","embeddable":true,"href":"https:\/\/meier-gerdingh.de\/wp-spd-ob\/wp-json\/wp\/v2\/tags?post=6582"},{"taxonomy":"quellen","embeddable":true,"href":"https:\/\/meier-gerdingh.de\/wp-spd-ob\/wp-json\/wp\/v2\/quellen?post=6582"}],"curies":[{"name":"wp","href":"https:\/\/api.w.org\/{rel}","templated":true}]}}