{"id":6589,"date":"2019-11-15T18:43:11","date_gmt":"2019-11-15T17:43:11","guid":{"rendered":"https:\/\/meier-gerdingh.de\/wp-spd-ob\/?p=6589"},"modified":"2019-11-18T18:45:53","modified_gmt":"2019-11-18T17:45:53","slug":"stefan-zimkeit-informiert-sich-ueber-die-arbeit-der-regenbogenhaus-kita","status":"publish","type":"post","link":"https:\/\/meier-gerdingh.de\/wp-spd-ob\/2019\/11\/15\/stefan-zimkeit-informiert-sich-ueber-die-arbeit-der-regenbogenhaus-kita\/","title":{"rendered":"Stefan Zimkeit informiert sich \u00fcber die Arbeit der Regenbogenhaus-Kita"},"content":{"rendered":"<div id=\"attachment_6587\" style=\"width: 730px\" class=\"wp-caption aligncenter\"><a href=\"https:\/\/meier-gerdingh.de\/wp-spd-ob\/wp-content\/uploads\/2019\/11\/mdl-stz-regenbogenhaus-lg.jpg\"><img aria-describedby=\"caption-attachment-6587\" decoding=\"async\" class=\"size-full wp-image-6587\" src=\"https:\/\/meier-gerdingh.de\/wp-spd-ob\/wp-content\/uploads\/2019\/11\/mdl-stz-regenbogenhaus.jpg\" alt=\"\" width=\"720\" height=\"324\" srcset=\"https:\/\/meier-gerdingh.de\/wp-spd-ob\/wp-content\/uploads\/2019\/11\/mdl-stz-regenbogenhaus.jpg 720w, https:\/\/meier-gerdingh.de\/wp-spd-ob\/wp-content\/uploads\/2019\/11\/mdl-stz-regenbogenhaus-300x135.jpg 300w\" sizes=\"(max-width: 720px) 100vw, 720px\" \/><\/a><p id=\"caption-attachment-6587\" class=\"wp-caption-text\">Der Oberhausener Landtagsabgeordnete Stefan Zimkeit mit Julia Strunk, der Leiterin der Regenbogenhaus-Kita in Buschhausen<\/p><\/div>\n<p>&#8222;Wir wollen zeigen, wie sch\u00f6n dieser Beruf ist&#8220;, erz\u00e4hlte Julia Strunk \u00fcber ihre Arbeit als Erzieherin. Deshalb sei die Buschhauser Regenbogenhaus-Kita ein Ausbildungsbetrieb. Der Abgeordnete Stefan Zimkeit war gekommen, um sich in Einrichtung \u00fcber die t\u00e4gliche Arbeit mit den Kindern zu informieren. &#8222;Wir diskutieren zurzeit im Landtag \u00fcber \u00c4nderungen am Kita-Gesetz. Daf\u00fcr m\u00f6chte ich gerne die W\u00fcnsche und Ideen aus Oberhausen mit nach D\u00fcsseldorf nehmen&#8220;, sagte Zimkeit.<\/p>\n<p>Ein gro\u00dfes Problem sei der Personalmangel, was insbesondere bei Krankheit und Urlaub zu gro\u00dfen Engp\u00e4ssen f\u00fchre, sagte Kita-Leiterin Strunk. Es gebe viel zu wenig Vorbereitungszeit f\u00fcr die Erzieherinnen. &#8222;Beobachtungen, B\u00f6gen, Elterngespr\u00e4che, immer mehr Kinder mit mehr Betreuungsbedarf&#8220;, z\u00e4hlte sie auf, welche Anforderungen an den Erzieherberuf hinzugekommen sind.<!--more--><\/p>\n<p>Viel Hoffnungen konnte Stefan Zimkeit nicht machen. &#8222;Der momentane Gesetzentwurf sieht leider keine Verbesserung des Personalausstattung und der Qualit\u00e4t vor&#8220;, kritisierte er die Landesregierung. &#8222;Die Chance, durch eine Sockelfinanzierung der Kitas deren Qualit\u00e4t und damit die Bildungschancen der Kinder dauerhaft zu verbessern, scheint vertan zu werden.&#8220;<\/p>\n<p>Hilfreich w\u00e4re es auch, mehr Stunden f\u00fcr eine K\u00fcchenhilfe zur Verf\u00fcgung zu haben, erfuhr Zimkeit bei einem Rundgang durch die Einrichtung, die der evangelischen Emmaus-Gemeinde geh\u00f6rt. Im Gegensatz zu fr\u00fcher blieben viel mehr Kinder \u00fcber Mittag und ben\u00f6tigen ein Essen, wozu die R\u00e4umlichkeiten aber sehr beengt seien.<\/p>\n<p>&#8222;Wir haben das gro\u00dfe Gl\u00fcck, eine K\u00fcchenkraft zu haben&#8220;, sagte Julia Strunk. &#8222;Aber leider nicht f\u00fcr das Fr\u00fchst\u00fcck, und auch nicht f\u00fcr das Vorbereiten des Mittagessens.&#8220; Damit sei dann immer eine Erzieherin besch\u00e4ftigt.<\/p>\n<p>Investitionsbedarf sieht Zimkeit auch bei den R\u00e4umlichkeiten. &#8222;Viele Kitas in NRW ben\u00f6tigen eine grundlegende L\u00e4rmsanierung, um f\u00fcr bessere Arbeitsbedingung f\u00fcr Erzieherinnen und Erzieher zu sorgen.&#8220; Auch bei diesem Thema sieht der SPD-Abgeordnete \u2013 genau wie zahlreiche Erzieherinnen und die Tr\u00e4ger der Kitas \u2013 in den von der Landesregierung vorgelegten Ver\u00e4nderungsvorschl\u00e4gen f\u00fcr das &#8222;KiBiz&#8220; genannte Kita-Gesetz zu wenig Substanz.<\/p>\n","protected":false},"excerpt":{"rendered":"<p>&#8222;Wir wollen zeigen, wie sch\u00f6n dieser Beruf ist&#8220;, erz\u00e4hlte Julia Strunk \u00fcber ihre Arbeit als Erzieherin. Deshalb sei die Buschhauser Regenbogenhaus-Kita ein Ausbildungsbetrieb. Der Abgeordnete Stefan Zimkeit war gekommen, um&hellip; <\/p>\n","protected":false},"author":1,"featured_media":0,"comment_status":"closed","ping_status":"closed","sticky":false,"template":"","format":"standard","meta":{"footnotes":""},"categories":[179,216],"tags":[1139,2004,2110,162,605,164,1201,165,1752,2109],"quellen":[331],"class_list":["post-6589","post","type-post","status-publish","format-standard","hentry","category-kinder-und-jugendliche","category-land","tag-buschhausen","tag-erzieherinnen-und-erzieher","tag-ev-emmaus-gemeinde","tag-kibiz","tag-kindergaerten","tag-kindertageseinrichtungen","tag-kita-gesetz","tag-kitas","tag-ktes","tag-regenbogenhaus-kita","quellen-mdl-stefan-zimkeit"],"_links":{"self":[{"href":"https:\/\/meier-gerdingh.de\/wp-spd-ob\/wp-json\/wp\/v2\/posts\/6589","targetHints":{"allow":["GET"]}}],"collection":[{"href":"https:\/\/meier-gerdingh.de\/wp-spd-ob\/wp-json\/wp\/v2\/posts"}],"about":[{"href":"https:\/\/meier-gerdingh.de\/wp-spd-ob\/wp-json\/wp\/v2\/types\/post"}],"author":[{"embeddable":true,"href":"https:\/\/meier-gerdingh.de\/wp-spd-ob\/wp-json\/wp\/v2\/users\/1"}],"replies":[{"embeddable":true,"href":"https:\/\/meier-gerdingh.de\/wp-spd-ob\/wp-json\/wp\/v2\/comments?post=6589"}],"version-history":[{"count":0,"href":"https:\/\/meier-gerdingh.de\/wp-spd-ob\/wp-json\/wp\/v2\/posts\/6589\/revisions"}],"wp:attachment":[{"href":"https:\/\/meier-gerdingh.de\/wp-spd-ob\/wp-json\/wp\/v2\/media?parent=6589"}],"wp:term":[{"taxonomy":"category","embeddable":true,"href":"https:\/\/meier-gerdingh.de\/wp-spd-ob\/wp-json\/wp\/v2\/categories?post=6589"},{"taxonomy":"post_tag","embeddable":true,"href":"https:\/\/meier-gerdingh.de\/wp-spd-ob\/wp-json\/wp\/v2\/tags?post=6589"},{"taxonomy":"quellen","embeddable":true,"href":"https:\/\/meier-gerdingh.de\/wp-spd-ob\/wp-json\/wp\/v2\/quellen?post=6589"}],"curies":[{"name":"wp","href":"https:\/\/api.w.org\/{rel}","templated":true}]}}