{"id":6594,"date":"2019-11-18T19:04:33","date_gmt":"2019-11-18T18:04:33","guid":{"rendered":"https:\/\/meier-gerdingh.de\/wp-spd-ob\/?p=6594"},"modified":"2019-11-18T19:08:14","modified_gmt":"2019-11-18T18:08:14","slug":"spd-fordert-nachbesserung-bei-parkraumbewirtschaftung","status":"publish","type":"post","link":"https:\/\/meier-gerdingh.de\/wp-spd-ob\/2019\/11\/18\/spd-fordert-nachbesserung-bei-parkraumbewirtschaftung\/","title":{"rendered":"SPD fordert Nachbesserung bei Parkraumbewirtschaftung"},"content":{"rendered":"<div id=\"attachment_5285\" style=\"width: 190px\" class=\"wp-caption alignleft\"><a href=\"https:\/\/meier-gerdingh.de\/wp-spd-ob\/wp-content\/uploads\/2018\/06\/14_bongers_sonja_1000.jpg\"><img aria-describedby=\"caption-attachment-5285\" decoding=\"async\" class=\"size-full wp-image-5285\" src=\"https:\/\/meier-gerdingh.de\/wp-spd-ob\/wp-content\/uploads\/2018\/06\/14_bongers_sonja.jpg\" alt=\"\" width=\"180\" height=\"180\" srcset=\"https:\/\/meier-gerdingh.de\/wp-spd-ob\/wp-content\/uploads\/2018\/06\/14_bongers_sonja.jpg 180w, https:\/\/meier-gerdingh.de\/wp-spd-ob\/wp-content\/uploads\/2018\/06\/14_bongers_sonja-150x150.jpg 150w\" sizes=\"(max-width: 180px) 100vw, 180px\" \/><\/a><p id=\"caption-attachment-5285\" class=\"wp-caption-text\">Sonja Bongers ist Vorsitzende der SPD-Ratsfraktion und Mitglied des Landtags von Nordrhein-Westfalen<\/p><\/div>\n<p>Die SPD-Ratsfraktion hat vor der Ratssitzung am heutigen Montag einen \u00c4nderungsantrag zum Parkraumbewirtschaftungskonzept eingebracht. &#8222;Wir finden es sehr gut, dass sich die Verwaltung bem\u00fcht hat, die Interessen von Bewohnerinnen und Bewohnern der Innenstadt einerseits und den dort Besch\u00e4ftigten andererseits gleicherma\u00dfen zu beachten und einen Kompromiss zu finden&#8220;, erkl\u00e4rt die Fraktionsvorsitzende Sonja Bongers. &#8222;Gleichwohl ist in unseren Augen mehr n\u00f6tig.<\/p>\n<p>Wir k\u00f6nnen die Augen nicht davor verschlie\u00dfen, dass in der aktuellen Situation viele Arbeitnehmerinnen und Arbeitnehmer nicht aus reiner Bequemlichkeit mit dem Auto zur Arbeit fahren, sondern wegen mangelnder Alternativen.&#8220; Aus diesem Grund <a href=\"https:\/\/meier-gerdingh.de\/wp-spd-ob\/wp-content\/uploads\/2019\/11\/spd-fraktion-aenderungsantrag-parkraumbewirtschaftung.pdf\">schl\u00e4gt die SPD vor<\/a>, in unmittelbarer N\u00e4he von Arbeitgebern mit hohem Personalaufkommen auch Wochen- oder wahlweise Monatsparktickets an den Automaten zur Verf\u00fcgung zu stellen.<!--more--><\/p>\n<p>&#8222;Die von einigen in diesem Zusammenhang geforderten Besch\u00e4ftigtenparkausweise sind aus verfassungsrechtlichen Gr\u00fcnden leider nicht m\u00f6glich, weil dies eine Privilegierung gegen\u00fcber dem allgemeinen Verkehrsteilnehmer darstellen w\u00fcrde&#8220;, erl\u00e4utert die Fraktionsvorsitzende.<\/p>\n","protected":false},"excerpt":{"rendered":"<p>Die SPD-Ratsfraktion hat vor der Ratssitzung am heutigen Montag einen \u00c4nderungsantrag zum Parkraumbewirtschaftungskonzept eingebracht. &#8222;Wir finden es sehr gut, dass sich die Verwaltung bem\u00fcht hat, die Interessen von Bewohnerinnen und&hellip; <\/p>\n","protected":false},"author":1,"featured_media":0,"comment_status":"closed","ping_status":"closed","sticky":false,"template":"","format":"standard","meta":{"footnotes":""},"categories":[27],"tags":[2059,2061,2108,359,2062,2063,55,2064,2060,1375,2065,1648,2058],"quellen":[326],"class_list":["post-6594","post","type-post","status-publish","format-standard","hentry","category-planen-bauen-wohnen-verkehr","tag-aenderungsantrag","tag-berufspendler","tag-beschaeftigtenparkausweise","tag-innenstadt-alt-oberhausen","tag-langzeitparkplaetze","tag-mitarbeiterparken","tag-oepnv","tag-pr-parkplaetze","tag-parkausweise","tag-parkraumbewirtschaftung","tag-parktickets","tag-rat-der-stadt","tag-ratssitzung","quellen-spd-fraktion-oberhausen"],"_links":{"self":[{"href":"https:\/\/meier-gerdingh.de\/wp-spd-ob\/wp-json\/wp\/v2\/posts\/6594","targetHints":{"allow":["GET"]}}],"collection":[{"href":"https:\/\/meier-gerdingh.de\/wp-spd-ob\/wp-json\/wp\/v2\/posts"}],"about":[{"href":"https:\/\/meier-gerdingh.de\/wp-spd-ob\/wp-json\/wp\/v2\/types\/post"}],"author":[{"embeddable":true,"href":"https:\/\/meier-gerdingh.de\/wp-spd-ob\/wp-json\/wp\/v2\/users\/1"}],"replies":[{"embeddable":true,"href":"https:\/\/meier-gerdingh.de\/wp-spd-ob\/wp-json\/wp\/v2\/comments?post=6594"}],"version-history":[{"count":0,"href":"https:\/\/meier-gerdingh.de\/wp-spd-ob\/wp-json\/wp\/v2\/posts\/6594\/revisions"}],"wp:attachment":[{"href":"https:\/\/meier-gerdingh.de\/wp-spd-ob\/wp-json\/wp\/v2\/media?parent=6594"}],"wp:term":[{"taxonomy":"category","embeddable":true,"href":"https:\/\/meier-gerdingh.de\/wp-spd-ob\/wp-json\/wp\/v2\/categories?post=6594"},{"taxonomy":"post_tag","embeddable":true,"href":"https:\/\/meier-gerdingh.de\/wp-spd-ob\/wp-json\/wp\/v2\/tags?post=6594"},{"taxonomy":"quellen","embeddable":true,"href":"https:\/\/meier-gerdingh.de\/wp-spd-ob\/wp-json\/wp\/v2\/quellen?post=6594"}],"curies":[{"name":"wp","href":"https:\/\/api.w.org\/{rel}","templated":true}]}}