{"id":66,"date":"2001-01-27T17:00:00","date_gmt":"2001-01-27T15:00:00","guid":{"rendered":"http:\/\/www.meier-gerdingh.de\/spd-oberhausen\/wp\/?p=66"},"modified":"2017-05-02T17:25:29","modified_gmt":"2017-05-02T15:25:29","slug":"400000-mark-fuer-multimedia-ausstattung-der-oberhausener-berufsschulen","status":"publish","type":"post","link":"https:\/\/meier-gerdingh.de\/wp-spd-ob\/2001\/01\/27\/400000-mark-fuer-multimedia-ausstattung-der-oberhausener-berufsschulen\/","title":{"rendered":"400.000 Mark f\u00fcr Multimedia-Ausstattung der Oberhausener Berufsschulen"},"content":{"rendered":"<div style=\"width: 150px\" class=\"wp-caption alignleft\"><a href=\"http:\/\/meier-gerdingh.de\/wp-spd-ob\/wp-content\/uploads\/landtagganz1.jpg\"><img decoding=\"async\" class=\"size-full\" src=\"http:\/\/meier-gerdingh.de\/wp-spd-ob\/wp-content\/uploads\/landtagganz1.jpg\" alt=\"Landtag von Nordrhein-Westfalen\" width=\"140\" height=\"187\" \/><\/a><p class=\"wp-caption-text\">Landtag von Nordrhein-Westfalen<\/p><\/div>\n<p>Die Oberhausener Berufsschulen erhalten f\u00fcr die Modernisierung ihrer Multimedia-Ausstattung vom Land noch in diesem Schuljahr rund 400.000 Mark. Darauf weisen die beiden Oberhausener SPD-Landtagsabgeordneten Michael Groschek und Wolfgang Gro\u00dfe Br\u00f6mer hin.<!--more--><\/p>\n<p>Mit den jetzt zu erwartenden F\u00f6rdermitteln des Landes, so Wolfgang Gro\u00dfe Br\u00f6mer, &#8222;werden die Oberhausener Berufskollegs in die Lage versetzt, noch schneller auf die neuen Herausforderungen im Bereich der beruflichen Qualifizierung reagieren zu k\u00f6nnen. Denn die rasante Entwicklung bei den neuen Technologien ver\u00e4ndert die Arbeitsprozesse in nahezu allen Berufen.&#8220;<\/p>\n<p>Verwendet werden k\u00f6nnen die Gelder unter anderem f\u00fcr die Ausstattung mit modernen Technologien und Medien, f\u00fcr die informations- und kommunikationstechnische Vernetzung sowie Software und Dienstleistungen.<\/p>\n<p>Insgesamt, so Groschek und Gro\u00dfe Br\u00f6mer, stelle das Land f\u00fcr die Modernisierung der Multimedia-Ausstattung an den Berufsschulen 52 Millionen Mark in den Jahren 2001 und 2002 zur Verf\u00fcgung. Die Gelder stammten \u00fcbrigens aus den Zinserl\u00f6sen, die der Bund nach der Versteigerung der UMTS-Lizenzen im vergangenen Jahr jetzt an die L\u00e4nder weiterreiche.<\/p>\n","protected":false},"excerpt":{"rendered":"<p>Die Oberhausener Berufsschulen erhalten f\u00fcr die Modernisierung ihrer Multimedia-Ausstattung vom Land noch in diesem Schuljahr rund 400.000 Mark. Darauf weisen die beiden Oberhausener SPD-Landtagsabgeordneten Michael Groschek und Wolfgang Gro\u00dfe Br\u00f6mer&hellip; <\/p>\n","protected":false},"author":1,"featured_media":0,"comment_status":"closed","ping_status":"closed","sticky":false,"template":"","format":"standard","meta":{"footnotes":""},"categories":[1],"tags":[],"quellen":[],"class_list":["post-66","post","type-post","status-publish","format-standard","hentry","category-allgemein"],"_links":{"self":[{"href":"https:\/\/meier-gerdingh.de\/wp-spd-ob\/wp-json\/wp\/v2\/posts\/66","targetHints":{"allow":["GET"]}}],"collection":[{"href":"https:\/\/meier-gerdingh.de\/wp-spd-ob\/wp-json\/wp\/v2\/posts"}],"about":[{"href":"https:\/\/meier-gerdingh.de\/wp-spd-ob\/wp-json\/wp\/v2\/types\/post"}],"author":[{"embeddable":true,"href":"https:\/\/meier-gerdingh.de\/wp-spd-ob\/wp-json\/wp\/v2\/users\/1"}],"replies":[{"embeddable":true,"href":"https:\/\/meier-gerdingh.de\/wp-spd-ob\/wp-json\/wp\/v2\/comments?post=66"}],"version-history":[{"count":0,"href":"https:\/\/meier-gerdingh.de\/wp-spd-ob\/wp-json\/wp\/v2\/posts\/66\/revisions"}],"wp:attachment":[{"href":"https:\/\/meier-gerdingh.de\/wp-spd-ob\/wp-json\/wp\/v2\/media?parent=66"}],"wp:term":[{"taxonomy":"category","embeddable":true,"href":"https:\/\/meier-gerdingh.de\/wp-spd-ob\/wp-json\/wp\/v2\/categories?post=66"},{"taxonomy":"post_tag","embeddable":true,"href":"https:\/\/meier-gerdingh.de\/wp-spd-ob\/wp-json\/wp\/v2\/tags?post=66"},{"taxonomy":"quellen","embeddable":true,"href":"https:\/\/meier-gerdingh.de\/wp-spd-ob\/wp-json\/wp\/v2\/quellen?post=66"}],"curies":[{"name":"wp","href":"https:\/\/api.w.org\/{rel}","templated":true}]}}