{"id":6603,"date":"2019-11-21T18:24:54","date_gmt":"2019-11-21T17:24:54","guid":{"rendered":"https:\/\/meier-gerdingh.de\/wp-spd-ob\/?p=6603"},"modified":"2019-11-21T18:49:57","modified_gmt":"2019-11-21T17:49:57","slug":"einladung-zum-adventscafe-mit-weihnachtlicher-lesung","status":"publish","type":"post","link":"https:\/\/meier-gerdingh.de\/wp-spd-ob\/2019\/11\/21\/einladung-zum-adventscafe-mit-weihnachtlicher-lesung\/","title":{"rendered":"Einladung zum Adventscaf\u00e9 mit weihnachtlicher Lesung"},"content":{"rendered":"<p><a href=\"https:\/\/meier-gerdingh.de\/wp-spd-ob\/wp-content\/uploads\/2019\/11\/banner_erster_advent.jpg\"><img decoding=\"async\" src=\"https:\/\/meier-gerdingh.de\/wp-spd-ob\/wp-content\/uploads\/2019\/11\/banner_erster_advent.jpg\" alt=\"\" width=\"720\" height=\"233\" class=\"aligncenter size-full wp-image-6604\" srcset=\"https:\/\/meier-gerdingh.de\/wp-spd-ob\/wp-content\/uploads\/2019\/11\/banner_erster_advent.jpg 720w, https:\/\/meier-gerdingh.de\/wp-spd-ob\/wp-content\/uploads\/2019\/11\/banner_erster_advent-300x97.jpg 300w\" sizes=\"(max-width: 720px) 100vw, 720px\" \/><\/a><span data-mce-type=\"bookmark\" style=\"display: inline-block; width: 0px; overflow: hidden; line-height: 0;\" class=\"mce_SELRES_start\">\ufeff<\/span>Kaum zu glauben, aber wahr \u2013 wir stehen an der Schwelle zur Adventszeit! Es gibt wohl kaum ein Jahr in der j\u00fcngeren Vergangenheit, welches f\u00fcr die SPD so aufregend gewesen ist wie das Jahr 2019. Die Adventszeit kommt also gerade recht! Der Unterbezirksvorstand m\u00f6chte hiermit alle Mitglieder zu einem <strong>Advents-Caf\u00e9<\/strong> einladen. Es findet statt:<\/p>\n<p><strong>SO\u00a0\u00a0|\u00a0\u00a001.12.2019\u00a0\u00a0|\u00a0\u00a014.00-17.00 Uhr<br \/>\nSPD-Parteib\u00fcro\u00a0\u00a0|\u00a0\u00a0Schwartzstr. 52\u00a0\u00a0|\u00a0\u00a046045 Oberhausen<\/strong><\/p>\n<p>Bei Kaffee und Kuchen sowie einer Tasse Gl\u00fchwein m\u00f6chten wir gemeinsam einige gem\u00fctliche und gesellige Stunden verbringen.<!--more--><\/p>\n<p>Wir freuen uns, dass unser Genosse Apostolos Tsalastras bei unserem Adventscaf\u00e9 eine kleine weihnachtliche Lesung halten wird.<\/p>\n<p>Um besser planen zu k\u00f6nnen, bitten wir um eine kurze R\u00fcckmeldung per E-Mail unter <a href=\"info@spd-oberhausen.de\">info@spd-oberhausen.de<\/a> oder telefonisch unter <a href=\"tel:+49-208-23334\">(02 08) 2 33 34<\/a>.<\/p>\n","protected":false},"excerpt":{"rendered":"<p>\ufeffKaum zu glauben, aber wahr \u2013 wir stehen an der Schwelle zur Adventszeit! Es gibt wohl kaum ein Jahr in der j\u00fcngeren Vergangenheit, welches f\u00fcr die SPD so aufregend gewesen&hellip; <\/p>\n","protected":false},"author":1,"featured_media":0,"comment_status":"closed","ping_status":"closed","sticky":false,"template":"","format":"standard","meta":{"footnotes":""},"categories":[173,171],"tags":[2126],"quellen":[327],"class_list":["post-6603","post","type-post","status-publish","format-standard","hentry","category-parteileben","category-veranstaltungen","tag-spd-adventscafe","quellen-spd-unterbezirk-oberhausen"],"_links":{"self":[{"href":"https:\/\/meier-gerdingh.de\/wp-spd-ob\/wp-json\/wp\/v2\/posts\/6603","targetHints":{"allow":["GET"]}}],"collection":[{"href":"https:\/\/meier-gerdingh.de\/wp-spd-ob\/wp-json\/wp\/v2\/posts"}],"about":[{"href":"https:\/\/meier-gerdingh.de\/wp-spd-ob\/wp-json\/wp\/v2\/types\/post"}],"author":[{"embeddable":true,"href":"https:\/\/meier-gerdingh.de\/wp-spd-ob\/wp-json\/wp\/v2\/users\/1"}],"replies":[{"embeddable":true,"href":"https:\/\/meier-gerdingh.de\/wp-spd-ob\/wp-json\/wp\/v2\/comments?post=6603"}],"version-history":[{"count":0,"href":"https:\/\/meier-gerdingh.de\/wp-spd-ob\/wp-json\/wp\/v2\/posts\/6603\/revisions"}],"wp:attachment":[{"href":"https:\/\/meier-gerdingh.de\/wp-spd-ob\/wp-json\/wp\/v2\/media?parent=6603"}],"wp:term":[{"taxonomy":"category","embeddable":true,"href":"https:\/\/meier-gerdingh.de\/wp-spd-ob\/wp-json\/wp\/v2\/categories?post=6603"},{"taxonomy":"post_tag","embeddable":true,"href":"https:\/\/meier-gerdingh.de\/wp-spd-ob\/wp-json\/wp\/v2\/tags?post=6603"},{"taxonomy":"quellen","embeddable":true,"href":"https:\/\/meier-gerdingh.de\/wp-spd-ob\/wp-json\/wp\/v2\/quellen?post=6603"}],"curies":[{"name":"wp","href":"https:\/\/api.w.org\/{rel}","templated":true}]}}