{"id":6605,"date":"2019-11-21T18:29:30","date_gmt":"2019-11-21T17:29:30","guid":{"rendered":"https:\/\/meier-gerdingh.de\/wp-spd-ob\/?p=6605"},"modified":"2019-11-21T18:46:12","modified_gmt":"2019-11-21T17:46:12","slug":"spd-freut-sich-ueber-ausbau-der-forststrasse","status":"publish","type":"post","link":"https:\/\/meier-gerdingh.de\/wp-spd-ob\/2019\/11\/21\/spd-freut-sich-ueber-ausbau-der-forststrasse\/","title":{"rendered":"SPD freut sich \u00fcber Ausbau der Forststra\u00dfe"},"content":{"rendered":"<div id=\"attachment_5398\" style=\"width: 190px\" class=\"wp-caption alignleft\"><a href=\"https:\/\/meier-gerdingh.de\/wp-spd-ob\/wp-content\/uploads\/2018\/07\/14_real_ulrich_1000.jpg\"><img aria-describedby=\"caption-attachment-5398\" decoding=\"async\" class=\"size-full wp-image-5398\" src=\"https:\/\/meier-gerdingh.de\/wp-spd-ob\/wp-content\/uploads\/2018\/07\/14_real_ulrich.jpg\" alt=\"\" width=\"180\" height=\"180\" srcset=\"https:\/\/meier-gerdingh.de\/wp-spd-ob\/wp-content\/uploads\/2018\/07\/14_real_ulrich.jpg 180w, https:\/\/meier-gerdingh.de\/wp-spd-ob\/wp-content\/uploads\/2018\/07\/14_real_ulrich-150x150.jpg 150w\" sizes=\"(max-width: 180px) 100vw, 180px\" \/><\/a><p id=\"caption-attachment-5398\" class=\"wp-caption-text\">Ulrich Real ist Bezirksb\u00fcrgermeister von Sterkrade und planungspolitischer Sprecher der SPD-Ratsfraktion<\/p><\/div>\n<p>Gro\u00dfe Zufriedenheit herrschte beim SPD-Ortsverein Sterkrade-Nord und dem Sterkrader Bezirksb\u00fcrgermeister Ulrich Real nach der Verabschiedung des Stra\u00dfenbauprogramms f\u00fcr 2020 bis 2022 in der Ratssitzung am Montag.<\/p>\n<p>&#8222;Das ist ein guter Tag f\u00fcr Schmachtendorf&#8220;, erkl\u00e4rt Ulrich Real, denn mit diesem Programm wurde auch der Ausbau der Forststra\u00dfe beschlossen. &#8222;Und dies ist ein lang gehegter Wunsch der Schmachtendorfer&#8220;, erkl\u00e4rt der SPD-Ortsvereinsvorsitzende von Sterkrade-Nord Karl-Heinz M\u00fcller. &#8222;In vielen Begegnungen mit der B\u00fcrgerschaft ist diese Ma\u00dfnahme immer wieder an uns herangetragen worden.&#8220;<!--more--><\/p>\n<p>Tats\u00e4chlich stellt sich die Forststra\u00dfe besonders im Bereich von der Bergischen Hufe bis zur Waldhuckstra\u00dfe als eine echte Marterstrecke dar. Anst\u00e4ndige Fu\u00dfg\u00e4nger- und Radwege sucht man dort vergebens. Im weiteren Verlauf ist der Radweg ein teilweise zugewachsener Waldweg, einen Fu\u00dfweg gibt es gar nicht und die marode Fahrbahn hat zahllose L\u00f6cher und Risse.<\/p>\n<p>&#8222;Wir werden auch darauf achten, dass die jetzigen Parkm\u00f6glichkeiten f\u00fcr die Kleing\u00e4rtner vom Verein Sterkrade-Nord erhalten bleiben und dass der Parkplatz sinnvoll ausgebaut werden kann&#8220;, verspricht Karl-Heinz M\u00fcller.<\/p>\n<p>Tats\u00e4chlich muss der Parkplatz in regelm\u00e4\u00dfigen Abst\u00e4nden instandgesetzt werden, da Regenwasser den Platz regelrecht ausw\u00e4scht und immer wieder \u00fcberflutet.<\/p>\n","protected":false},"excerpt":{"rendered":"<p>Gro\u00dfe Zufriedenheit herrschte beim SPD-Ortsverein Sterkrade-Nord und dem Sterkrader Bezirksb\u00fcrgermeister Ulrich Real nach der Verabschiedung des Stra\u00dfenbauprogramms f\u00fcr 2020 bis 2022 in der Ratssitzung am Montag. &#8222;Das ist ein guter&hellip; <\/p>\n","protected":false},"author":1,"featured_media":0,"comment_status":"closed","ping_status":"closed","sticky":false,"template":"","format":"standard","meta":{"footnotes":""},"categories":[27,167],"tags":[2128,1661,1137,91,2129,2127],"quellen":[337,326],"class_list":["post-6605","post","type-post","status-publish","format-standard","hentry","category-planen-bauen-wohnen-verkehr","category-stadtteile","tag-forststrasse","tag-kleingaerten","tag-radwege","tag-schmachtendorf","tag-sterkrade-nord","tag-strassenbauprogramm","quellen-ov-sterkrade-nord","quellen-spd-fraktion-oberhausen"],"_links":{"self":[{"href":"https:\/\/meier-gerdingh.de\/wp-spd-ob\/wp-json\/wp\/v2\/posts\/6605","targetHints":{"allow":["GET"]}}],"collection":[{"href":"https:\/\/meier-gerdingh.de\/wp-spd-ob\/wp-json\/wp\/v2\/posts"}],"about":[{"href":"https:\/\/meier-gerdingh.de\/wp-spd-ob\/wp-json\/wp\/v2\/types\/post"}],"author":[{"embeddable":true,"href":"https:\/\/meier-gerdingh.de\/wp-spd-ob\/wp-json\/wp\/v2\/users\/1"}],"replies":[{"embeddable":true,"href":"https:\/\/meier-gerdingh.de\/wp-spd-ob\/wp-json\/wp\/v2\/comments?post=6605"}],"version-history":[{"count":0,"href":"https:\/\/meier-gerdingh.de\/wp-spd-ob\/wp-json\/wp\/v2\/posts\/6605\/revisions"}],"wp:attachment":[{"href":"https:\/\/meier-gerdingh.de\/wp-spd-ob\/wp-json\/wp\/v2\/media?parent=6605"}],"wp:term":[{"taxonomy":"category","embeddable":true,"href":"https:\/\/meier-gerdingh.de\/wp-spd-ob\/wp-json\/wp\/v2\/categories?post=6605"},{"taxonomy":"post_tag","embeddable":true,"href":"https:\/\/meier-gerdingh.de\/wp-spd-ob\/wp-json\/wp\/v2\/tags?post=6605"},{"taxonomy":"quellen","embeddable":true,"href":"https:\/\/meier-gerdingh.de\/wp-spd-ob\/wp-json\/wp\/v2\/quellen?post=6605"}],"curies":[{"name":"wp","href":"https:\/\/api.w.org\/{rel}","templated":true}]}}