{"id":664,"date":"2008-12-19T17:00:00","date_gmt":"2008-12-19T15:00:00","guid":{"rendered":"http:\/\/www.meier-gerdingh.de\/spd-oberhausen\/wp\/?p=664"},"modified":"2017-05-14T14:38:09","modified_gmt":"2017-05-14T12:38:09","slug":"spd-bundestagsfraktion-kuemmert-sich-um-finanzschwache-kommunen","status":"publish","type":"post","link":"https:\/\/meier-gerdingh.de\/wp-spd-ob\/2008\/12\/19\/spd-bundestagsfraktion-kuemmert-sich-um-finanzschwache-kommunen\/","title":{"rendered":"SPD-Bundestagsfraktion k\u00fcmmert sich um finanzschwache Kommunen"},"content":{"rendered":"<div style=\"width: 150px\" class=\"wp-caption alignleft\"><a href=\"http:\/\/meier-gerdingh.de\/wp-spd-ob\/wp-content\/uploads\/grotthaus_rede.jpg\"><img decoding=\"async\" class=\"size-full\" src=\"http:\/\/meier-gerdingh.de\/wp-spd-ob\/wp-content\/uploads\/grotthaus_rede.jpg\" alt=\"Wolfgang Grotthaus ist Bundestagsabgeordneter f\u00fcr Oberhausen und Dinslaken\" width=\"140\" height=\"194\" \/><\/a><p class=\"wp-caption-text\">Wolfgang Grotthaus ist Bundestagsabgeordneter f\u00fcr Oberhausen und Dinslaken<\/p><\/div>\n<p>Nachdem der SPD-Kanzlerkandidat Frank-Walter Steinmeier den Vorschlag zur Schn\u00fcrung eines Investitionspakets f\u00fcr die Kommunen vorgeschlagen hatte, l\u00e4sst die SPD-Bundestagsfraktion dieser Ank\u00fcndigung Taten folgen. Zum 28.\u00a0Januar\u00a02009 erfolgt auf Einladung des Fraktionsvorsitzenden Peter Struck eine Tagung in Berlin, bei der mit kommunalen Vertretern aus ganz Deutschland beraten werden wird, welche Inhalte dieses Investitionspaket aufweisen sollte.<!--more--><\/p>\n<p>Teilnehmen werden neben dem SPD-Kanzlerkandidaten Frank-Walter Steinmeier der Finanzminister Peer Steinbr\u00fcck und der St\u00e4dtebauminister Tiefensee.<\/p>\n<p>Gefragt sind hier insbesondere die struktur- und finanzschwachen Kommunen, die anhand ihrer Probleme darstellen sollen, welche Hilfem\u00f6glichkeiten sie aus ihrer Sicht als notwendig erachten.<\/p>\n<p>Dabei hat die SPD-Bundestagsfraktion als Erstma\u00dfnahme daran gedacht, diesen Kommunen wieder eine M\u00f6glichkeit f\u00fcr Investitionen zu er\u00f6ffnen. Die \u00dcberlegungen dazu sind, durch ein KfW-F\u00f6rderprogramm den Kommunen erg\u00e4nzend Bundesmittel zuzuweisen, die dann eine 100%-ige Bund-Land-Finanzierung erm\u00f6glichen. \u00dcber die Verteilung der zu leistenden Anteile muss zwischen Bund und den betroffenen L\u00e4ndern noch eine Einigung herbeigef\u00fchrt werden.<\/p>\n<p>Gleichzeitig soll durch eine weitere Bund-L\u00e4nder-Initiative geregelt werden, dass auch die finanzschwachen Kommunen von den Investitionen in die Infrastruktur wie Schulen, Seniorenheime usw. profitieren k\u00f6nnen. Ihnen werden bisher von seiten der Landesregierung jegliche Investitionen dieser Art untersagt. Dieser Ansatz w\u00fcrde es auch der Stadt Oberhausen erm\u00f6glichen, notwendige Investitionen im Infrastrukturbereich wieder t\u00e4tigen zu k\u00f6nnen. Das w\u00fcrde die Wertsteigerung des st\u00e4dtischen Besitzes nach sich ziehen und damit die Haushaltsbilanz der Stadt entscheidend beeinflussen.<\/p>\n<p>Auch die M\u00f6glichkeit, die Tilgungszinsen f\u00fcr bisher schon get\u00e4tigten Investitionen befristet auszusetzen, wird Thema dieser Konferenz sein.<\/p>\n<p>Der Bundestagsabgeordnete Wolfgang Grotthaus hat \u00fcber die Fraktionsspitze veranlasst, dass der Oberb\u00fcrgermeister der Stadt Oberhausen Klaus Wehling und der Ratsfraktionsvorsitzende Wolfgang Gro\u00dfe Br\u00f6mer eingeladen werden.<\/p>\n<p>Diese Initiative der SPD-Bundestagsfraktion signalisiert, dass es f\u00fcr \u00e4u\u00dferst wichtig angesehen wird, den Sachstand der betroffenen Kommunen von den direkt vor Ort abzufragen, um effizient und zielgenau Instrumente der Hilfe entwickeln zu k\u00f6nnen.<\/p>\n","protected":false},"excerpt":{"rendered":"<p>Nachdem der SPD-Kanzlerkandidat Frank-Walter Steinmeier den Vorschlag zur Schn\u00fcrung eines Investitionspakets f\u00fcr die Kommunen vorgeschlagen hatte, l\u00e4sst die SPD-Bundestagsfraktion dieser Ank\u00fcndigung Taten folgen. Zum 28.\u00a0Januar\u00a02009 erfolgt auf Einladung des Fraktionsvorsitzenden&hellip; <\/p>\n","protected":false},"author":1,"featured_media":0,"comment_status":"closed","ping_status":"closed","sticky":false,"template":"","format":"standard","meta":{"footnotes":""},"categories":[1],"tags":[],"quellen":[],"class_list":["post-664","post","type-post","status-publish","format-standard","hentry","category-allgemein"],"_links":{"self":[{"href":"https:\/\/meier-gerdingh.de\/wp-spd-ob\/wp-json\/wp\/v2\/posts\/664","targetHints":{"allow":["GET"]}}],"collection":[{"href":"https:\/\/meier-gerdingh.de\/wp-spd-ob\/wp-json\/wp\/v2\/posts"}],"about":[{"href":"https:\/\/meier-gerdingh.de\/wp-spd-ob\/wp-json\/wp\/v2\/types\/post"}],"author":[{"embeddable":true,"href":"https:\/\/meier-gerdingh.de\/wp-spd-ob\/wp-json\/wp\/v2\/users\/1"}],"replies":[{"embeddable":true,"href":"https:\/\/meier-gerdingh.de\/wp-spd-ob\/wp-json\/wp\/v2\/comments?post=664"}],"version-history":[{"count":0,"href":"https:\/\/meier-gerdingh.de\/wp-spd-ob\/wp-json\/wp\/v2\/posts\/664\/revisions"}],"wp:attachment":[{"href":"https:\/\/meier-gerdingh.de\/wp-spd-ob\/wp-json\/wp\/v2\/media?parent=664"}],"wp:term":[{"taxonomy":"category","embeddable":true,"href":"https:\/\/meier-gerdingh.de\/wp-spd-ob\/wp-json\/wp\/v2\/categories?post=664"},{"taxonomy":"post_tag","embeddable":true,"href":"https:\/\/meier-gerdingh.de\/wp-spd-ob\/wp-json\/wp\/v2\/tags?post=664"},{"taxonomy":"quellen","embeddable":true,"href":"https:\/\/meier-gerdingh.de\/wp-spd-ob\/wp-json\/wp\/v2\/quellen?post=664"}],"curies":[{"name":"wp","href":"https:\/\/api.w.org\/{rel}","templated":true}]}}