{"id":67,"date":"2001-02-09T17:00:00","date_gmt":"2001-02-09T15:00:00","guid":{"rendered":"http:\/\/www.meier-gerdingh.de\/spd-oberhausen\/wp\/?p=67"},"modified":"2017-05-02T18:02:05","modified_gmt":"2017-05-02T16:02:05","slug":"jugendarbeit-der-apo-kirchengemeinde-unterstuetzen","status":"publish","type":"post","link":"https:\/\/meier-gerdingh.de\/wp-spd-ob\/2001\/02\/09\/jugendarbeit-der-apo-kirchengemeinde-unterstuetzen\/","title":{"rendered":"Jugendarbeit der APO-Kirchengemeinde unterst\u00fctzen"},"content":{"rendered":"<div style=\"width: 150px\" class=\"wp-caption alignleft\"><a href=\"http:\/\/meier-gerdingh.de\/wp-spd-ob\/wp-content\/uploads\/grosse_broemer_rede.jpg\"><img decoding=\"async\" class=\"size-full\" src=\"http:\/\/meier-gerdingh.de\/wp-spd-ob\/wp-content\/uploads\/grosse_broemer_rede.jpg\" alt=\"Wolfgang Gro\u00dfe Br\u00f6mer\" width=\"140\" height=\"186\" \/><\/a><p class=\"wp-caption-text\">Wolfgang Gro\u00dfe Br\u00f6mer<\/p><\/div>\n<p>Die Stadtverwaltung soll pr\u00fcfen, ob die erfolgreiche Jugendarbeit der Apostelkirchengemeinde Tackenberg finanziell unterst\u00fctzt werden kann. Diese Anregung macht der jugendpolitische Sprecher der SPD-Fraktion, Wolfgang Gro\u00dfe Br\u00f6mer.<!--more--><\/p>\n<p>Da die Jugendarbeit der APO einen erheblichen Beitrag zur sozialen Stabilisierung des Stadtteils leistet, halte ich diese Arbeit f\u00fcr besonders wichtig, so Gro\u00dfe Br\u00f6mer in einem Schreiben an den Jugend- und Sozialdezernenten Udo Spiecker.<\/p>\n<p>Die SPD sieht entsprechenden Handlungsspielraum in der Haushaltsstelle &#8222;Zum Wohle der Jugend&#8220;, da der ebenfalls fr\u00fcher auf dem Tackenberg t\u00e4tige Verein &#8222;Heidedorf e.V.&#8220; sich aufgel\u00f6st hat.<\/p>\n<p>Die Verwaltung soll, so die SPD, nach M\u00f6glichkeiten suchen, die Mittel, mit denen bisher das Heidedorf gef\u00f6rdert wurde, der Jugendarbeit der Apostelkirchengemeinde zur Verf\u00fcgung zu stellen. &#8222;So kommt das Geld weiterhin der Jugendarbeit auf dem Tackenberg zu Gute&#8220;, erl\u00e4utert der zust\u00e4ndige Stadtverordnete Stefan Zimkeit den Vorschlag.<\/p>\n<p>Zuletzt hatte die Kirchengemeinde darauf hingewiesen, dass es Probleme gebe, die erfolgreiche Jugendarbeit finanziell abzusichern.<\/p>\n<p>Die SPD m\u00f6chte mit ihrer Anregung einen Beitrag leisten, die umfangreiche Arbeit der &#8222;APO&#8220; f\u00fcr und mit Jugendlichen weiterhin zu sichern und geht davon aus, dass sich daran auch weitere Institutionen beteiligen.<\/p>\n","protected":false},"excerpt":{"rendered":"<p>Die Stadtverwaltung soll pr\u00fcfen, ob die erfolgreiche Jugendarbeit der Apostelkirchengemeinde Tackenberg finanziell unterst\u00fctzt werden kann. Diese Anregung macht der jugendpolitische Sprecher der SPD-Fraktion, Wolfgang Gro\u00dfe Br\u00f6mer.<\/p>\n","protected":false},"author":1,"featured_media":0,"comment_status":"closed","ping_status":"closed","sticky":false,"template":"","format":"standard","meta":{"footnotes":""},"categories":[1],"tags":[],"quellen":[],"class_list":["post-67","post","type-post","status-publish","format-standard","hentry","category-allgemein"],"_links":{"self":[{"href":"https:\/\/meier-gerdingh.de\/wp-spd-ob\/wp-json\/wp\/v2\/posts\/67","targetHints":{"allow":["GET"]}}],"collection":[{"href":"https:\/\/meier-gerdingh.de\/wp-spd-ob\/wp-json\/wp\/v2\/posts"}],"about":[{"href":"https:\/\/meier-gerdingh.de\/wp-spd-ob\/wp-json\/wp\/v2\/types\/post"}],"author":[{"embeddable":true,"href":"https:\/\/meier-gerdingh.de\/wp-spd-ob\/wp-json\/wp\/v2\/users\/1"}],"replies":[{"embeddable":true,"href":"https:\/\/meier-gerdingh.de\/wp-spd-ob\/wp-json\/wp\/v2\/comments?post=67"}],"version-history":[{"count":0,"href":"https:\/\/meier-gerdingh.de\/wp-spd-ob\/wp-json\/wp\/v2\/posts\/67\/revisions"}],"wp:attachment":[{"href":"https:\/\/meier-gerdingh.de\/wp-spd-ob\/wp-json\/wp\/v2\/media?parent=67"}],"wp:term":[{"taxonomy":"category","embeddable":true,"href":"https:\/\/meier-gerdingh.de\/wp-spd-ob\/wp-json\/wp\/v2\/categories?post=67"},{"taxonomy":"post_tag","embeddable":true,"href":"https:\/\/meier-gerdingh.de\/wp-spd-ob\/wp-json\/wp\/v2\/tags?post=67"},{"taxonomy":"quellen","embeddable":true,"href":"https:\/\/meier-gerdingh.de\/wp-spd-ob\/wp-json\/wp\/v2\/quellen?post=67"}],"curies":[{"name":"wp","href":"https:\/\/api.w.org\/{rel}","templated":true}]}}