{"id":673,"date":"2009-02-18T17:00:00","date_gmt":"2009-02-18T15:00:00","guid":{"rendered":"http:\/\/www.meier-gerdingh.de\/spd-oberhausen\/wp\/?p=673"},"modified":"2017-05-14T14:35:59","modified_gmt":"2017-05-14T12:35:59","slug":"verfassungsgericht-lehnt-trickserei-beim-wahltermin-ab","status":"publish","type":"post","link":"https:\/\/meier-gerdingh.de\/wp-spd-ob\/2009\/02\/18\/verfassungsgericht-lehnt-trickserei-beim-wahltermin-ab\/","title":{"rendered":"Verfassungsgericht lehnt Trickserei beim Wahltermin ab"},"content":{"rendered":"<div style=\"width: 150px\" class=\"wp-caption alignleft\"><a href=\"http:\/\/meier-gerdingh.de\/wp-spd-ob\/wp-content\/uploads\/grosse_broemer_wolfgang.jpg\"><img decoding=\"async\" class=\"size-full\" src=\"http:\/\/meier-gerdingh.de\/wp-spd-ob\/wp-content\/uploads\/grosse_broemer_wolfgang.jpg\" alt=\"Wolfgang Gro\u00dfe Br\u00f6mer ist Vorsitzender der SPD-Ratsfraktion und Mitglied des Landtags NRW\" width=\"140\" height=\"191\" \/><\/a><p class=\"wp-caption-text\">Wolfgang Gro\u00dfe Br\u00f6mer ist Vorsitzender der SPD-Ratsfraktion und Mitglied des Landtags NRW<\/p><\/div>\n<p>Oberhausens SPD-Partei- und Fraktionschef Wolfgang Gro\u00dfe Br\u00f6mer begr\u00fc\u00dft die heutige Entscheidung des NRW-Verfassungsgerichtshofes in M\u00fcnster, die Zusammenlegung der Kommunalwahl mit der Europawahl am 7. Juni zu kippen. SPD und Gr\u00fcne hatten gegen die von CDU und FDP beschlossene Vorverlegung der Kommunalwahl 2009 geklagt, weil nach der Wahl der neuen R\u00e4te und B\u00fcrgermeister die Amtszeit der alten noch \u00fcber vier Monate weitergelaufen w\u00e4re.<!--more--><\/p>\n<p>Gro\u00dfe Br\u00f6mer: &#8222;Diese demokratiefeindliche Wahltrickserei hat das oberste Gericht in unserem Land gestoppt. Es darf jetzt aber keine neue Wahlmanipulation von CDU und FDP geben. Die Kommunalwahl muss mit der Bundestagswahl am 27. September zusammengelegt werden. Ein zus\u00e4tzlicher Wahltermin ist den Menschen im Super-Wahljahr 2009 nicht zuzumuten.&#8220;<\/p>\n<p>Wolfgang Gro\u00dfe Br\u00f6mer weist darauf hin, dass dies in Oberhausen auch auf erhebliche organisatorische und finanzielle Zusatzbelastungen hinausliefe. &#8222;Jeder Wahltermin bedeutet sehr viel Vorbereitung f\u00fcr die Verwaltung. Alleine die ehrenamtlichen Wahlhelfer zu finden, wird immer schwieriger, ganz abgesehen von den Kosten eines zus\u00e4tzlichen Urnengangs&#8220;, gibt Gro\u00dfe Br\u00f6mer zu Bedenken. Landesweit belaste ein eigener Kommunalwahltermin nach Berechnungen des Steuerzahlerbundes alle B\u00fcrgerinnen und B\u00fcrger mit 42 Millionen Euro. Gerade f\u00fcr Oberhausen bedeute das erhebliche Zusatzkosten.<\/p>\n<p>&#8222;Diese Verschwendung von Steuergeld muss verhindert werden&#8220;, verlangt Gro\u00dfe Br\u00f6mer und macht deutlich, dass dies durch die Zusammenlegung mit der Bundestagswahl ganz leicht vermieden werden k\u00f6nne. Alles andere sei unsinnig, teuer, f\u00fchre zu unn\u00f6tigen Mehrbelastungen der ehrenamtlichen Helferinnen und Helfer, bef\u00f6rdere Wahlverdrossenheit und schade damit der Demokratie.<\/p>\n","protected":false},"excerpt":{"rendered":"<p>Oberhausens SPD-Partei- und Fraktionschef Wolfgang Gro\u00dfe Br\u00f6mer begr\u00fc\u00dft die heutige Entscheidung des NRW-Verfassungsgerichtshofes in M\u00fcnster, die Zusammenlegung der Kommunalwahl mit der Europawahl am 7. Juni zu kippen. SPD und Gr\u00fcne&hellip; <\/p>\n","protected":false},"author":1,"featured_media":0,"comment_status":"closed","ping_status":"closed","sticky":false,"template":"","format":"standard","meta":{"footnotes":""},"categories":[1],"tags":[],"quellen":[],"class_list":["post-673","post","type-post","status-publish","format-standard","hentry","category-allgemein"],"_links":{"self":[{"href":"https:\/\/meier-gerdingh.de\/wp-spd-ob\/wp-json\/wp\/v2\/posts\/673","targetHints":{"allow":["GET"]}}],"collection":[{"href":"https:\/\/meier-gerdingh.de\/wp-spd-ob\/wp-json\/wp\/v2\/posts"}],"about":[{"href":"https:\/\/meier-gerdingh.de\/wp-spd-ob\/wp-json\/wp\/v2\/types\/post"}],"author":[{"embeddable":true,"href":"https:\/\/meier-gerdingh.de\/wp-spd-ob\/wp-json\/wp\/v2\/users\/1"}],"replies":[{"embeddable":true,"href":"https:\/\/meier-gerdingh.de\/wp-spd-ob\/wp-json\/wp\/v2\/comments?post=673"}],"version-history":[{"count":0,"href":"https:\/\/meier-gerdingh.de\/wp-spd-ob\/wp-json\/wp\/v2\/posts\/673\/revisions"}],"wp:attachment":[{"href":"https:\/\/meier-gerdingh.de\/wp-spd-ob\/wp-json\/wp\/v2\/media?parent=673"}],"wp:term":[{"taxonomy":"category","embeddable":true,"href":"https:\/\/meier-gerdingh.de\/wp-spd-ob\/wp-json\/wp\/v2\/categories?post=673"},{"taxonomy":"post_tag","embeddable":true,"href":"https:\/\/meier-gerdingh.de\/wp-spd-ob\/wp-json\/wp\/v2\/tags?post=673"},{"taxonomy":"quellen","embeddable":true,"href":"https:\/\/meier-gerdingh.de\/wp-spd-ob\/wp-json\/wp\/v2\/quellen?post=673"}],"curies":[{"name":"wp","href":"https:\/\/api.w.org\/{rel}","templated":true}]}}