{"id":676,"date":"2009-02-15T17:00:00","date_gmt":"2009-02-15T15:00:00","guid":{"rendered":"http:\/\/www.meier-gerdingh.de\/spd-oberhausen\/wp\/?p=676"},"modified":"2017-05-14T14:36:07","modified_gmt":"2017-05-14T12:36:07","slug":"kommunalwahlandidatinnen-und-kandidaten-fuer-alstaden-und-lirich-nominiert","status":"publish","type":"post","link":"https:\/\/meier-gerdingh.de\/wp-spd-ob\/2009\/02\/15\/kommunalwahlandidatinnen-und-kandidaten-fuer-alstaden-und-lirich-nominiert\/","title":{"rendered":"Kommunalwahlandidatinnen und -kandidaten f\u00fcr Alstaden und Lirich nominiert"},"content":{"rendered":"<div style=\"width: 150px\" class=\"wp-caption alignleft\"><a href=\"http:\/\/meier-gerdingh.de\/wp-spd-ob\/wp-content\/uploads\/voepel_dirk.jpg\"><img decoding=\"async\" class=\"size-full\" src=\"http:\/\/meier-gerdingh.de\/wp-spd-ob\/wp-content\/uploads\/voepel_dirk.jpg\" alt=\"Wurde mit hervorragendem Ergebnis als Vorsitzender des Ortsvereins West best\u00e4tigt: Dirk V\u00f6pel\" width=\"140\" height=\"191\" \/><\/a><p class=\"wp-caption-text\">Wurde mit hervorragendem Ergebnis als Vorsitzender des Ortsvereins West best\u00e4tigt: Dirk V\u00f6pel<\/p><\/div>\n<p>Gut aufgestellt zeigt sich die SPD in Alstaden und Lirich. Auf der Jahreshauptversammlung wurden die Kandidaten f\u00fcr die Kommunalwahl nominiert. F\u00fcr Alstaden-Ost soll Dirk V\u00f6pel in den Stadtrat. In Alstaden-West kandidiert J\u00fcrgen Grefermann und in Alstaden-Nord Kirsten Oberste-Kleinbeck. F\u00fcr den ausscheidenden Uwe Grotthaus wird Sonja Bongers im Wahlkreis Lirich-S\u00fcd zur Wahl antreten. Die 33j\u00e4hrige Rechtsanw\u00e4ltin gilt als ausgewiesene Sozialrechtsexpertin. Kommunalpolitische Erfahrungen konnte sie als Mitglied der Bezirksvertretung Alt-Oberhausen und sachkundige B\u00fcrgerin im Schulausschuss sammeln.<!--more--><\/p>\n<p>In Lirich-Nord bleibt es beim altbekannten Wahlkreisinhaber Josef Loege, der auch die Liste f\u00fcr die Bezirksvertretung anf\u00fchrt. Neben ihm kandidieren f\u00fcr die Bezirksvertretung Alt-Oberhausen unter anderem Detlef Schneider, Ingrid Raspel, Sandra Jungmaier, Joachim F\u00fcrth und Ren\u00e9 Derksen.<\/p>\n<p>Eindrucksvoll best\u00e4tigt wurde Dirk V\u00f6pel als Vorsitzender des SPD-Ortsvereins Oberhausen West. Mit nur einer Gegenstimme wurde er wiedergew\u00e4hlt.<\/p>\n<p>\u00dcber gute Wahlergebnisse konnten sich auch die restlichen Vorstandsmitglieder freuen. So wurden Sonja Bongers und Josef Loege als stellvertretende Vorsitzende gew\u00e4hlt, Kassierer sind Monika Schulz und Uwe Grotthaus, Schriftf\u00fchrer Kirsten Oberste-Kleinbeck und Detlef Schneider und Ulrich Otto wurde als Pressesprecher wiedergew\u00e4hlt.<\/p>\n<p>Als <strong>Beisitzer<\/strong> arbeiten im Vorstand:<\/p>\n<p>Heinz-Werner Bruns<br \/>\nRen\u00e9 Derksen<br \/>\nJ\u00fcrgen Grefermann<br \/>\nWolfgang Grotthaus<br \/>\nPeter Klunk<br \/>\nAngelika Krietemeyer<br \/>\nGerd Maxein<br \/>\nIngrid Raspel<br \/>\nGerold St\u00f6ck<\/p>\n<p>Neu gew\u00e4hlt wurden auch die <strong>26 Delegierten zu den Unterbezirksparteitagen der SPD<\/strong>:<\/p>\n<p>Werner Baumann<br \/>\nKlaus B\u00f6hle<br \/>\nSonja Bongers<br \/>\nHeinz-Werner Bruns<br \/>\nBritta Costecki<br \/>\nRen\u00e9 Derksen<br \/>\nJ\u00fcrgen Grefermann<br \/>\nUwe Grotthaus<br \/>\nWolfgang Grotthaus<br \/>\nSandra Jungmaier<br \/>\nPeter Klunk<br \/>\nElisabeth Koal<br \/>\nAngelika Krietemeyer<br \/>\nAnneliese Loege<br \/>\nJosef Loege<br \/>\nSascha L\u00fccker<br \/>\nKurt M\u00e4rz<br \/>\nTorsten Meier<br \/>\nKirsten Oberste-Kleinbeck<br \/>\nUlrich Otto<br \/>\nIngrid Raspel<br \/>\nDetlef Schneider<br \/>\nMonika Schulz<br \/>\nDoris Stoltenberg<br \/>\nMarianne Vier<br \/>\nDirk V\u00f6pel<\/p>\n","protected":false},"excerpt":{"rendered":"<p>Gut aufgestellt zeigt sich die SPD in Alstaden und Lirich. Auf der Jahreshauptversammlung wurden die Kandidaten f\u00fcr die Kommunalwahl nominiert. F\u00fcr Alstaden-Ost soll Dirk V\u00f6pel in den Stadtrat. In Alstaden-West&hellip; <\/p>\n","protected":false},"author":1,"featured_media":0,"comment_status":"closed","ping_status":"closed","sticky":false,"template":"","format":"standard","meta":{"footnotes":""},"categories":[1],"tags":[],"quellen":[],"class_list":["post-676","post","type-post","status-publish","format-standard","hentry","category-allgemein"],"_links":{"self":[{"href":"https:\/\/meier-gerdingh.de\/wp-spd-ob\/wp-json\/wp\/v2\/posts\/676","targetHints":{"allow":["GET"]}}],"collection":[{"href":"https:\/\/meier-gerdingh.de\/wp-spd-ob\/wp-json\/wp\/v2\/posts"}],"about":[{"href":"https:\/\/meier-gerdingh.de\/wp-spd-ob\/wp-json\/wp\/v2\/types\/post"}],"author":[{"embeddable":true,"href":"https:\/\/meier-gerdingh.de\/wp-spd-ob\/wp-json\/wp\/v2\/users\/1"}],"replies":[{"embeddable":true,"href":"https:\/\/meier-gerdingh.de\/wp-spd-ob\/wp-json\/wp\/v2\/comments?post=676"}],"version-history":[{"count":0,"href":"https:\/\/meier-gerdingh.de\/wp-spd-ob\/wp-json\/wp\/v2\/posts\/676\/revisions"}],"wp:attachment":[{"href":"https:\/\/meier-gerdingh.de\/wp-spd-ob\/wp-json\/wp\/v2\/media?parent=676"}],"wp:term":[{"taxonomy":"category","embeddable":true,"href":"https:\/\/meier-gerdingh.de\/wp-spd-ob\/wp-json\/wp\/v2\/categories?post=676"},{"taxonomy":"post_tag","embeddable":true,"href":"https:\/\/meier-gerdingh.de\/wp-spd-ob\/wp-json\/wp\/v2\/tags?post=676"},{"taxonomy":"quellen","embeddable":true,"href":"https:\/\/meier-gerdingh.de\/wp-spd-ob\/wp-json\/wp\/v2\/quellen?post=676"}],"curies":[{"name":"wp","href":"https:\/\/api.w.org\/{rel}","templated":true}]}}