{"id":677,"date":"2009-02-27T17:00:00","date_gmt":"2009-02-27T15:00:00","guid":{"rendered":"http:\/\/www.meier-gerdingh.de\/spd-oberhausen\/wp\/?p=677"},"modified":"2017-05-14T14:34:23","modified_gmt":"2017-05-14T12:34:23","slug":"spd-ortsverein-sterkrade-nord-nominiert-kandidatinnen-und-kandidaten-fuer-die-kommunalwahl","status":"publish","type":"post","link":"https:\/\/meier-gerdingh.de\/wp-spd-ob\/2009\/02\/27\/spd-ortsverein-sterkrade-nord-nominiert-kandidatinnen-und-kandidaten-fuer-die-kommunalwahl\/","title":{"rendered":"SPD-Ortsverein Sterkrade-Nord nominiert Kandidatinnen und Kandidaten f\u00fcr die Kommunalwahl"},"content":{"rendered":"<p><a href=\"http:\/\/meier-gerdingh.de\/wp-spd-ob\/wp-content\/uploads\/banner_spd_sterkrade_nord.jpg\"><img decoding=\"async\" class=\"size-full alignleft\" src=\"http:\/\/meier-gerdingh.de\/wp-spd-ob\/wp-content\/uploads\/banner_spd_sterkrade_nord.jpg\" alt=\"\" width=\"180\" height=\"73\" \/><\/a>F\u00fcr die Kommunalwahl 2009 setzt der SPD-Ortsverein Sterkrade-Nord auf eine Mischung aus Erfahrung und Neubeginn. Auf der Jahreshauptversammlung im Evangelischen Gemeindezentrum an der Forststra\u00dfe bestimmten die Mitglieder ihre Kandidatinnen und Kandidaten f\u00fcr den Rat der Stadt. Der 31-j\u00e4hrige Jurist Stefan Scheffler soll in Schmachtendorf die Nachfolge von Elke Kemper antreten. F\u00fcr Bernd Reinemann, der aus dem Stadtrat scheidet, kandidiert im Bereich K\u00f6nigshardt Ulrich Real, der bisher schon als 1. Vorsitzender der K\u00f6nigshardter Interessengemeinschaft f\u00fcr die B\u00fcrgerinnen und B\u00fcrger erfolgreich eintritt. In Sterkrade-Nord und der Walsumermark schlie\u00dflich soll es bei der bew\u00e4hrten Stadtverordneten Ursula Wingens bleiben.<!--more--><\/p>\n<p>F\u00fcr die Bezirksvertretung in Sterkrade setzt der Ortsverein ganz auf die Frauen und w\u00e4hlte als Kandidatinnen Annemarie Nowak, Anja Schwarz und Anja Reichstein.<\/p>\n<p>Als Schwerpunkte des Ortsvereins f\u00fcr das neue Arbeitsjahr nannte der Vorsitzende Stefan Scheffler die verst\u00e4rkte Zusammenarbeit mit Vereinen und Initiativen, aber auch das unmittelbare Gespr\u00e4ch mit den B\u00fcrgerinnen und B\u00fcrgern im Oberhausener Norden.<\/p>\n","protected":false},"excerpt":{"rendered":"<p>F\u00fcr die Kommunalwahl 2009 setzt der SPD-Ortsverein Sterkrade-Nord auf eine Mischung aus Erfahrung und Neubeginn. Auf der Jahreshauptversammlung im Evangelischen Gemeindezentrum an der Forststra\u00dfe bestimmten die Mitglieder ihre Kandidatinnen und&hellip; <\/p>\n","protected":false},"author":1,"featured_media":0,"comment_status":"closed","ping_status":"closed","sticky":false,"template":"","format":"standard","meta":{"footnotes":""},"categories":[1],"tags":[],"quellen":[],"class_list":["post-677","post","type-post","status-publish","format-standard","hentry","category-allgemein"],"_links":{"self":[{"href":"https:\/\/meier-gerdingh.de\/wp-spd-ob\/wp-json\/wp\/v2\/posts\/677","targetHints":{"allow":["GET"]}}],"collection":[{"href":"https:\/\/meier-gerdingh.de\/wp-spd-ob\/wp-json\/wp\/v2\/posts"}],"about":[{"href":"https:\/\/meier-gerdingh.de\/wp-spd-ob\/wp-json\/wp\/v2\/types\/post"}],"author":[{"embeddable":true,"href":"https:\/\/meier-gerdingh.de\/wp-spd-ob\/wp-json\/wp\/v2\/users\/1"}],"replies":[{"embeddable":true,"href":"https:\/\/meier-gerdingh.de\/wp-spd-ob\/wp-json\/wp\/v2\/comments?post=677"}],"version-history":[{"count":0,"href":"https:\/\/meier-gerdingh.de\/wp-spd-ob\/wp-json\/wp\/v2\/posts\/677\/revisions"}],"wp:attachment":[{"href":"https:\/\/meier-gerdingh.de\/wp-spd-ob\/wp-json\/wp\/v2\/media?parent=677"}],"wp:term":[{"taxonomy":"category","embeddable":true,"href":"https:\/\/meier-gerdingh.de\/wp-spd-ob\/wp-json\/wp\/v2\/categories?post=677"},{"taxonomy":"post_tag","embeddable":true,"href":"https:\/\/meier-gerdingh.de\/wp-spd-ob\/wp-json\/wp\/v2\/tags?post=677"},{"taxonomy":"quellen","embeddable":true,"href":"https:\/\/meier-gerdingh.de\/wp-spd-ob\/wp-json\/wp\/v2\/quellen?post=677"}],"curies":[{"name":"wp","href":"https:\/\/api.w.org\/{rel}","templated":true}]}}