{"id":678,"date":"2009-02-20T17:00:00","date_gmt":"2009-02-20T15:00:00","guid":{"rendered":"http:\/\/www.meier-gerdingh.de\/spd-oberhausen\/wp\/?p=678"},"modified":"2017-05-14T14:35:50","modified_gmt":"2017-05-14T12:35:50","slug":"aus-dem-aufstand-der-volksvertreter-wird-ein-volksaufstand","status":"publish","type":"post","link":"https:\/\/meier-gerdingh.de\/wp-spd-ob\/2009\/02\/20\/aus-dem-aufstand-der-volksvertreter-wird-ein-volksaufstand\/","title":{"rendered":"Aus dem Aufstand der Volksvertreter wird ein Volksaufstand"},"content":{"rendered":"<div style=\"width: 150px\" class=\"wp-caption alignleft\"><a href=\"http:\/\/meier-gerdingh.de\/wp-spd-ob\/wp-content\/uploads\/groschek_michael_08.jpg\"><img decoding=\"async\" class=\"size-full\" src=\"http:\/\/meier-gerdingh.de\/wp-spd-ob\/wp-content\/uploads\/groschek_michael_08.jpg\" alt=\"Michael Groschek ist Generalsekret\u00e4r der NRWSPD und Landtagsabgeordneter f\u00fcr den Wahlkreis Oberhausen-Sterkrade und Dinslaken\" width=\"140\" height=\"186\" \/><\/a><p class=\"wp-caption-text\">Michael Groschek ist Generalsekret\u00e4r der NRWSPD und Landtagsabgeordneter f\u00fcr den Wahlkreis Oberhausen-Sterkrade und Dinslaken<\/p><\/div>\n<p><i>Zur Unterschriftenaktion der NRWSPD f\u00fcr die Zusammenlegung von Bundestags- und Kommunalwahl erkl\u00e4rt Michael Groschek, Generalsekret\u00e4r der NRWSPD:<\/i><\/p>\n<p>&#8222;Die Unterschriftenaktion der NRWSPD zur Zusammenlegung von Bundestags- und Kommunalwahl ist hervorragend angelaufen. Seit Mittwoch haben sich allein bei unserer Abstimmung im Internet knapp 5.000 B\u00fcrgerinnen und B\u00fcrger f\u00fcr eine Zusammenlegung ausgesprochen. Aus dem Aufstand der Volksvertreter wird ein Volksaufstand. Wir werden unsere Aktionen im Internet und auf der Stra\u00dfe massiv fortsetzen.<!--more--><\/p>\n<p>Die selbe Landesregierung, die St\u00e4dte in Finanznot zwingt, Leistungen f\u00fcr Jugend und Soziales, Sport und Kultur zu streichen, will jetzt landesweit \u00fcber 40 Millionen Euro f\u00fcr einen zus\u00e4tzlichen Wahltermin vergeuden.<\/p>\n<p>Selbst in den eigenen Reihen gibt es starke Proteste gegen diesen Bl\u00f6dsinn. Denn die Kommunalpolitiker der CDU wissen: Hier regiert pure Parteitaktik vor dem Gemeinwohl. St\u00e4dte und Gemeinden m\u00fcssen die CDU\/FDP-Zeche zahlen.&#8220;<\/p>\n","protected":false},"excerpt":{"rendered":"<p>Zur Unterschriftenaktion der NRWSPD f\u00fcr die Zusammenlegung von Bundestags- und Kommunalwahl erkl\u00e4rt Michael Groschek, Generalsekret\u00e4r der NRWSPD: &#8222;Die Unterschriftenaktion der NRWSPD zur Zusammenlegung von Bundestags- und Kommunalwahl ist hervorragend angelaufen.&hellip; <\/p>\n","protected":false},"author":1,"featured_media":0,"comment_status":"closed","ping_status":"closed","sticky":false,"template":"","format":"standard","meta":{"footnotes":""},"categories":[1],"tags":[],"quellen":[],"class_list":["post-678","post","type-post","status-publish","format-standard","hentry","category-allgemein"],"_links":{"self":[{"href":"https:\/\/meier-gerdingh.de\/wp-spd-ob\/wp-json\/wp\/v2\/posts\/678","targetHints":{"allow":["GET"]}}],"collection":[{"href":"https:\/\/meier-gerdingh.de\/wp-spd-ob\/wp-json\/wp\/v2\/posts"}],"about":[{"href":"https:\/\/meier-gerdingh.de\/wp-spd-ob\/wp-json\/wp\/v2\/types\/post"}],"author":[{"embeddable":true,"href":"https:\/\/meier-gerdingh.de\/wp-spd-ob\/wp-json\/wp\/v2\/users\/1"}],"replies":[{"embeddable":true,"href":"https:\/\/meier-gerdingh.de\/wp-spd-ob\/wp-json\/wp\/v2\/comments?post=678"}],"version-history":[{"count":0,"href":"https:\/\/meier-gerdingh.de\/wp-spd-ob\/wp-json\/wp\/v2\/posts\/678\/revisions"}],"wp:attachment":[{"href":"https:\/\/meier-gerdingh.de\/wp-spd-ob\/wp-json\/wp\/v2\/media?parent=678"}],"wp:term":[{"taxonomy":"category","embeddable":true,"href":"https:\/\/meier-gerdingh.de\/wp-spd-ob\/wp-json\/wp\/v2\/categories?post=678"},{"taxonomy":"post_tag","embeddable":true,"href":"https:\/\/meier-gerdingh.de\/wp-spd-ob\/wp-json\/wp\/v2\/tags?post=678"},{"taxonomy":"quellen","embeddable":true,"href":"https:\/\/meier-gerdingh.de\/wp-spd-ob\/wp-json\/wp\/v2\/quellen?post=678"}],"curies":[{"name":"wp","href":"https:\/\/api.w.org\/{rel}","templated":true}]}}