{"id":680,"date":"2009-03-04T17:00:00","date_gmt":"2009-03-04T15:00:00","guid":{"rendered":"http:\/\/www.meier-gerdingh.de\/spd-oberhausen\/wp\/?p=680"},"modified":"2017-05-14T14:33:59","modified_gmt":"2017-05-14T12:33:59","slug":"asf-oberhausen-waehlt-einen-neuen-vorstand","status":"publish","type":"post","link":"https:\/\/meier-gerdingh.de\/wp-spd-ob\/2009\/03\/04\/asf-oberhausen-waehlt-einen-neuen-vorstand\/","title":{"rendered":"ASF Oberhausen w\u00e4hlt einen neuen Vorstand"},"content":{"rendered":"<div style=\"width: 115px\" class=\"wp-caption alignleft\"><a href=\"http:\/\/meier-gerdingh.de\/wp-spd-ob\/wp-content\/uploads\/logo_asf_09.jpg\"><img decoding=\"async\" class=\"size-full\" src=\"http:\/\/meier-gerdingh.de\/wp-spd-ob\/wp-content\/uploads\/logo_asf_09.jpg\" alt=\"Die ASF Oberhausen: Politik f\u00fcr Frauen von Frauen f\u00fcr unsere Stadt\" width=\"105\" height=\"140\" \/><\/a><p class=\"wp-caption-text\">Die ASF Oberhausen: Politik f\u00fcr Frauen von Frauen f\u00fcr unsere Stadt<\/p><\/div>\n<p>Ute Jordan-Ecker ist die neue Vorsitzende der Oberhausener ASF (Arbeitsgemeinschaft Sozialdemokratischer Frauen). Sie tritt die Nachfolge von Astrid Schr\u00f6der an, die dieses Amt vier Jahre mit Leben erf\u00fcllte. Neue stellvertretende Vorsitzende sind D\u00f6rte Delberg-Ziepke und Ursula Wingens. Als Schriftf\u00fchrerin wurde Lisa Koal gew\u00e4hlt.<!--more--><\/p>\n<p>Dar\u00fcber hinaus geh\u00f6ren dem neuen Vorstand der ASF<\/p>\n<p>Andrea Baudeck<br \/>\nChristine Liebling<br \/>\nLiesel Mels<br \/>\nAstrid Schr\u00f6der und<br \/>\nMarion Zumberge<\/p>\n<p>an.<\/p>\n<p>Der neue ASF-Vorstand will sich durch unterschiedliche Veranstaltungen aktiv an den anstehenden Wahlk\u00e4mpfen beteiligen und vor Ort Politik von Frauen f\u00fcr Frauen machen.<\/p>\n<p>Dazu findet bereits am 07.03.2009 die erste Aktion statt. Im Rahmen des Weltfrauentages (08.03.2009) wird am 07.03.2009 eine Stadtrundfahrt mit Oberb\u00fcrgermeister Klaus Wehling durchgef\u00fchrt. Die Fahrtziele wurden unter frauenspezifischen Gesichtspunkten ausgew\u00e4hlt.<\/p>\n","protected":false},"excerpt":{"rendered":"<p>Ute Jordan-Ecker ist die neue Vorsitzende der Oberhausener ASF (Arbeitsgemeinschaft Sozialdemokratischer Frauen). Sie tritt die Nachfolge von Astrid Schr\u00f6der an, die dieses Amt vier Jahre mit Leben erf\u00fcllte. Neue stellvertretende&hellip; <\/p>\n","protected":false},"author":1,"featured_media":0,"comment_status":"closed","ping_status":"closed","sticky":false,"template":"","format":"standard","meta":{"footnotes":""},"categories":[1],"tags":[],"quellen":[],"class_list":["post-680","post","type-post","status-publish","format-standard","hentry","category-allgemein"],"_links":{"self":[{"href":"https:\/\/meier-gerdingh.de\/wp-spd-ob\/wp-json\/wp\/v2\/posts\/680","targetHints":{"allow":["GET"]}}],"collection":[{"href":"https:\/\/meier-gerdingh.de\/wp-spd-ob\/wp-json\/wp\/v2\/posts"}],"about":[{"href":"https:\/\/meier-gerdingh.de\/wp-spd-ob\/wp-json\/wp\/v2\/types\/post"}],"author":[{"embeddable":true,"href":"https:\/\/meier-gerdingh.de\/wp-spd-ob\/wp-json\/wp\/v2\/users\/1"}],"replies":[{"embeddable":true,"href":"https:\/\/meier-gerdingh.de\/wp-spd-ob\/wp-json\/wp\/v2\/comments?post=680"}],"version-history":[{"count":0,"href":"https:\/\/meier-gerdingh.de\/wp-spd-ob\/wp-json\/wp\/v2\/posts\/680\/revisions"}],"wp:attachment":[{"href":"https:\/\/meier-gerdingh.de\/wp-spd-ob\/wp-json\/wp\/v2\/media?parent=680"}],"wp:term":[{"taxonomy":"category","embeddable":true,"href":"https:\/\/meier-gerdingh.de\/wp-spd-ob\/wp-json\/wp\/v2\/categories?post=680"},{"taxonomy":"post_tag","embeddable":true,"href":"https:\/\/meier-gerdingh.de\/wp-spd-ob\/wp-json\/wp\/v2\/tags?post=680"},{"taxonomy":"quellen","embeddable":true,"href":"https:\/\/meier-gerdingh.de\/wp-spd-ob\/wp-json\/wp\/v2\/quellen?post=680"}],"curies":[{"name":"wp","href":"https:\/\/api.w.org\/{rel}","templated":true}]}}