{"id":681,"date":"2009-03-04T17:00:00","date_gmt":"2009-03-04T15:00:00","guid":{"rendered":"http:\/\/www.meier-gerdingh.de\/spd-oberhausen\/wp\/?p=681"},"modified":"2017-05-14T14:34:06","modified_gmt":"2017-05-14T12:34:06","slug":"spd-ortsverein-sterkrade-sued-nominiert-kandidatinnen-und-kandidaten-fuer-die-kommunalwahl","status":"publish","type":"post","link":"https:\/\/meier-gerdingh.de\/wp-spd-ob\/2009\/03\/04\/spd-ortsverein-sterkrade-sued-nominiert-kandidatinnen-und-kandidaten-fuer-die-kommunalwahl\/","title":{"rendered":"SPD-Ortsverein Sterkrade-S\u00fcd nominiert Kandidatinnen und Kandidaten f\u00fcr die Kommunalwahl"},"content":{"rendered":"<div style=\"width: 150px\" class=\"wp-caption alignleft\"><a href=\"http:\/\/meier-gerdingh.de\/wp-spd-ob\/wp-content\/uploads\/brands_beatriks.jpg\"><img decoding=\"async\" class=\"size-full\" src=\"http:\/\/meier-gerdingh.de\/wp-spd-ob\/wp-content\/uploads\/brands_beatriks.jpg\" alt=\"Beatriks Brands wurde erneut zur Vorsitzenden des Ortsvereins Sterkrade-S\u00fcd gew\u00e4hlt\" width=\"140\" height=\"191\" \/><\/a><p class=\"wp-caption-text\">Beatriks Brands wurde erneut zur Vorsitzenden des Ortsvereins Sterkrade-S\u00fcd gew\u00e4hlt<\/p><\/div>\n<p>Auf bew\u00e4hrte Kr\u00e4fte setzt der SPD-Ortsverein Sterkrade-S\u00fcd im Wahljahr 2009. Auf der diesj\u00e4hrigen Jahreshauptversammlung wurden alle aktuellen Stadtverordneten des Ortsvereins auch f\u00fcr die anstehende Kommunalwahl als Kandidaten nominiert. F\u00fcr Buschhausen stellt sich ein weiteres Mal Karl-Heinz Emmerich zur Wahl. In Weiherheide tritt erneut die Wahlkreisinhaberin Beatriks Brands an und f\u00fcr den Wahlbezirk Schwarze Heide soll wieder Manfred Flore in den Rat. Im Bezirk Sterkrade Mitte-Nord bleibt es bei Hubert Cordes, der auch die Liste f\u00fcr die Wahl zur Bezirksvertretung anf\u00fchrt. Neben ihm kandidieren f\u00fcr die Bezirksvertretung Karsten Bron, Reinhard Schreiber und Susanne B\u00f6ttcher-Cordes.<!--more--><\/p>\n<p>Alle Nominierungen wurden von den Mitgliedern des Ortsvereins mit gro\u00dfer Mehrheit beschlossen. Ein Traumergebnis aber erzielte B\u00fcrgermeisterin Elia Albrecht-Mainz. Einstimmig wurde sie als Ratskandidatin f\u00fcr den Wahlbezirk Sterkrade Mitte-S\u00fcd best\u00e4tigt.<\/p>\n<p>&#8222;Diese breite Zustimmung spricht f\u00fcr die erfolgreiche Arbeit, die unsere Stadtverordneten in den vergangenen Jahren f\u00fcr Sterkrade geleistet haben&#8220;, betonte die Ortsvereinsvorsitzende Beatriks Brands. Man habe sich damit zu erfahrenen Pers\u00f6nlichkeiten bekannt, so Brands weiter, die sich als verl\u00e4ssliche Ansprechpartner f\u00fcr die B\u00fcrgerinnen und B\u00fcrger vor Ort etabliert h\u00e4tten.<\/p>\n<p>Eindrucksvoll wurde auch der Vorstand des Ortsvereins Sterkrade-S\u00fcd in seiner Arbeit best\u00e4tigt. Mit nur zwei Gegenstimmen wurde Beatriks Brands als Vorsitzende wiedergew\u00e4hlt. Ihre Stellvertreter Hubert Cordes und Karsten Bron konnten sich ebenso \u00fcber sehr gute Wahlergebnisse freuen, wie die Kassierer J\u00fcrgen Trenck und Dirk Balthaus und Schriftf\u00fchrer Frank Th\u00f6nissen.<\/p>\n","protected":false},"excerpt":{"rendered":"<p>Auf bew\u00e4hrte Kr\u00e4fte setzt der SPD-Ortsverein Sterkrade-S\u00fcd im Wahljahr 2009. Auf der diesj\u00e4hrigen Jahreshauptversammlung wurden alle aktuellen Stadtverordneten des Ortsvereins auch f\u00fcr die anstehende Kommunalwahl als Kandidaten nominiert. F\u00fcr Buschhausen&hellip; <\/p>\n","protected":false},"author":1,"featured_media":0,"comment_status":"closed","ping_status":"closed","sticky":false,"template":"","format":"standard","meta":{"footnotes":""},"categories":[1],"tags":[],"quellen":[],"class_list":["post-681","post","type-post","status-publish","format-standard","hentry","category-allgemein"],"_links":{"self":[{"href":"https:\/\/meier-gerdingh.de\/wp-spd-ob\/wp-json\/wp\/v2\/posts\/681","targetHints":{"allow":["GET"]}}],"collection":[{"href":"https:\/\/meier-gerdingh.de\/wp-spd-ob\/wp-json\/wp\/v2\/posts"}],"about":[{"href":"https:\/\/meier-gerdingh.de\/wp-spd-ob\/wp-json\/wp\/v2\/types\/post"}],"author":[{"embeddable":true,"href":"https:\/\/meier-gerdingh.de\/wp-spd-ob\/wp-json\/wp\/v2\/users\/1"}],"replies":[{"embeddable":true,"href":"https:\/\/meier-gerdingh.de\/wp-spd-ob\/wp-json\/wp\/v2\/comments?post=681"}],"version-history":[{"count":0,"href":"https:\/\/meier-gerdingh.de\/wp-spd-ob\/wp-json\/wp\/v2\/posts\/681\/revisions"}],"wp:attachment":[{"href":"https:\/\/meier-gerdingh.de\/wp-spd-ob\/wp-json\/wp\/v2\/media?parent=681"}],"wp:term":[{"taxonomy":"category","embeddable":true,"href":"https:\/\/meier-gerdingh.de\/wp-spd-ob\/wp-json\/wp\/v2\/categories?post=681"},{"taxonomy":"post_tag","embeddable":true,"href":"https:\/\/meier-gerdingh.de\/wp-spd-ob\/wp-json\/wp\/v2\/tags?post=681"},{"taxonomy":"quellen","embeddable":true,"href":"https:\/\/meier-gerdingh.de\/wp-spd-ob\/wp-json\/wp\/v2\/quellen?post=681"}],"curies":[{"name":"wp","href":"https:\/\/api.w.org\/{rel}","templated":true}]}}