{"id":6825,"date":"2019-11-22T12:28:46","date_gmt":"2019-11-22T11:28:46","guid":{"rendered":"https:\/\/meier-gerdingh.de\/wp-spd-ob\/?p=6825"},"modified":"2019-11-26T20:14:21","modified_gmt":"2019-11-26T19:14:21","slug":"spd-senioren-in-sterkrade-waehlen-neuen-vorstand","status":"publish","type":"post","link":"https:\/\/meier-gerdingh.de\/wp-spd-ob\/2019\/11\/22\/spd-senioren-in-sterkrade-waehlen-neuen-vorstand\/","title":{"rendered":"SPD-Senioren in Sterkrade w\u00e4hlen neuen Vorstand"},"content":{"rendered":"<div id=\"attachment_6823\" style=\"width: 730px\" class=\"wp-caption aligncenter\"><a href=\"https:\/\/meier-gerdingh.de\/wp-spd-ob\/wp-content\/uploads\/2019\/11\/ag-60-plus-sterkrade-19-11-lg.jpg\"><img aria-describedby=\"caption-attachment-6823\" decoding=\"async\" class=\"size-full wp-image-6823\" src=\"https:\/\/meier-gerdingh.de\/wp-spd-ob\/wp-content\/uploads\/2019\/11\/ag-60-plus-sterkrade-19-11.jpg\" alt=\"\" width=\"720\" height=\"221\" srcset=\"https:\/\/meier-gerdingh.de\/wp-spd-ob\/wp-content\/uploads\/2019\/11\/ag-60-plus-sterkrade-19-11.jpg 720w, https:\/\/meier-gerdingh.de\/wp-spd-ob\/wp-content\/uploads\/2019\/11\/ag-60-plus-sterkrade-19-11-300x92.jpg 300w\" sizes=\"(max-width: 720px) 100vw, 720px\" \/><\/a><p id=\"caption-attachment-6823\" class=\"wp-caption-text\">Der neu gew\u00e4hlte Vorstand der AG 60 plus Sterkrade (von links nach rechts): Helmuth Eidam, Karin Tysiak, Hans-G\u00fcnter Wrobel, Norbert Nadolski und Wolfgang Tzscheppan<\/p><\/div>\n<p>Die Arbeitsgemeinschaft 60 Plus der SPD in Sterkrade hat einen neuen Vorstand gew\u00e4hlt: Erster Vorsitzender ist Hans-G\u00fcnter Wrobel, zu stellvertretenden Vorsitzenden w\u00e4hlten die Mitglieder Karin Tysiak und Wolfgang Tzscheppan, der auch das Amt des Schriftf\u00fchrers \u00fcbernommen hat. Die Arbeitsgemeinschaft vertritt die Interessen der Seniorinnen und Senioren aus den Stadtteilen Holten, Alsfeld, Sterkrader Heide, Schmachtendorf, K\u00f6nigshardt, Sterkrade-Nord, Buschhausen, Biefang und Sterkrade-S\u00fcd in den Gremien der Oberhausener SPD.<!--more--><\/p>\n<p>Dass sich die SPD-Senioren in Sterkrade einiges vorgenommen haben im Kommunalwahljahr 2020 machte Hans-G\u00fcnter Wrobel, noch im Amt des Stellvertretenden Vorsitzenden, gleich bei seiner Begr\u00fc\u00dfung klar: &#8222;Wir wollen nicht nur als Flyer-Verteiler dabei sein, sondern m\u00f6glichst mit eigenen Ideen und Vorschl\u00e4gen mitgestalten.&#8220;<\/p>\n<p>Schlie\u00dflich d\u00fcrften die Mitglieder nicht vergessen, dass die AG 60 plus die gr\u00f6\u00dfte Arbeitsgemeinschaft in der SPD sei. &#8222;Das bedeutet Einfluss, ist f\u00fcr uns aber auch Verpflichtung&#8220;, so Wrobel weiter, der zudem auf die Wichtigkeit einer guten Kommunalpolitik f\u00fcr den allgemeinen Zuspruch f\u00fcr die Partei verwies.<\/p>\n<p>Da habe die AG einiges getan, wie beispielsweise die Mitarbeit an der Gro\u00dfen Anfrage der SPD-Ratsfraktion zum Thema Seniorenpolitik in Oberhausen gezeigt habe oder die Teilnahme an der Seniorenmesse im Bero-Zentrum. So flexibel die AG auch politisch im Wahljahr agieren will, so fest hat sie doch ihren politischen Kompass im Blick. &#8222;Immer klare Kante gegen Populisten und Rechte&#8220;, machte Hans-G\u00fcnter Wrobel unmissverst\u00e4ndlich deutlich.<\/p>\n","protected":false},"excerpt":{"rendered":"<p>Die Arbeitsgemeinschaft 60 Plus der SPD in Sterkrade hat einen neuen Vorstand gew\u00e4hlt: Erster Vorsitzender ist Hans-G\u00fcnter Wrobel, zu stellvertretenden Vorsitzenden w\u00e4hlten die Mitglieder Karin Tysiak und Wolfgang Tzscheppan, der&hellip; <\/p>\n","protected":false},"author":1,"featured_media":0,"comment_status":"closed","ping_status":"closed","sticky":false,"template":"","format":"standard","meta":{"footnotes":""},"categories":[854,167],"tags":[118,2130,1483,2037,2132,2131],"quellen":[875],"class_list":["post-6825","post","type-post","status-publish","format-standard","hentry","category-senioren","category-stadtteile","tag-ag-60-plus","tag-ag-60-plus-sterkrade","tag-grosse-anfrage-senioren","tag-kommunalwahl-2020","tag-seniorenmesse","tag-seniorinnen-und-senioren","quellen-ag-60-plus-sterkrade"],"_links":{"self":[{"href":"https:\/\/meier-gerdingh.de\/wp-spd-ob\/wp-json\/wp\/v2\/posts\/6825","targetHints":{"allow":["GET"]}}],"collection":[{"href":"https:\/\/meier-gerdingh.de\/wp-spd-ob\/wp-json\/wp\/v2\/posts"}],"about":[{"href":"https:\/\/meier-gerdingh.de\/wp-spd-ob\/wp-json\/wp\/v2\/types\/post"}],"author":[{"embeddable":true,"href":"https:\/\/meier-gerdingh.de\/wp-spd-ob\/wp-json\/wp\/v2\/users\/1"}],"replies":[{"embeddable":true,"href":"https:\/\/meier-gerdingh.de\/wp-spd-ob\/wp-json\/wp\/v2\/comments?post=6825"}],"version-history":[{"count":0,"href":"https:\/\/meier-gerdingh.de\/wp-spd-ob\/wp-json\/wp\/v2\/posts\/6825\/revisions"}],"wp:attachment":[{"href":"https:\/\/meier-gerdingh.de\/wp-spd-ob\/wp-json\/wp\/v2\/media?parent=6825"}],"wp:term":[{"taxonomy":"category","embeddable":true,"href":"https:\/\/meier-gerdingh.de\/wp-spd-ob\/wp-json\/wp\/v2\/categories?post=6825"},{"taxonomy":"post_tag","embeddable":true,"href":"https:\/\/meier-gerdingh.de\/wp-spd-ob\/wp-json\/wp\/v2\/tags?post=6825"},{"taxonomy":"quellen","embeddable":true,"href":"https:\/\/meier-gerdingh.de\/wp-spd-ob\/wp-json\/wp\/v2\/quellen?post=6825"}],"curies":[{"name":"wp","href":"https:\/\/api.w.org\/{rel}","templated":true}]}}