{"id":683,"date":"2009-03-19T17:00:00","date_gmt":"2009-03-19T15:00:00","guid":{"rendered":"http:\/\/www.meier-gerdingh.de\/spd-oberhausen\/wp\/?p=683"},"modified":"2014-11-14T18:25:24","modified_gmt":"2014-11-14T16:25:24","slug":"mdl-wolfgang-grosse-broemer-laedt-jugendliche-ein","status":"publish","type":"post","link":"https:\/\/meier-gerdingh.de\/wp-spd-ob\/2009\/03\/19\/mdl-wolfgang-grosse-broemer-laedt-jugendliche-ein\/","title":{"rendered":"MdL Wolfgang Gro\u00dfe Br\u00f6mer l\u00e4dt Jugendliche ein"},"content":{"rendered":"<p><div style=\"width: 150px\" class=\"wp-caption alignleft\"><a href=\"http:\/\/meier-gerdingh.de\/wp-spd-ob\/wp-content\/uploads\/grosse_broemer_wolfgang.jpg\"><img decoding=\"async\" src=\"http:\/\/meier-gerdingh.de\/wp-spd-ob\/wp-content\/uploads\/grosse_broemer_wolfgang.jpg\"  width=\"140\" height=\"191\" alt=\"Wolfgang Gro\u00dfe Br\u00f6mer ist Mitglied des Landtags von Nordrhein-Westfalen und Vorsitzender der Oberhausener SPD\" class=\"size-full\" \/><\/a><p class=\"wp-caption-text\">Wolfgang Gro\u00dfe Br\u00f6mer ist Mitglied des Landtags von Nordrhein-Westfalen und Vorsitzender der Oberhausener SPD<\/p><\/div>Mitreden in der Landespolitik im Rahmen des 2. Jugendtages des Landtags von Nordrhein-Westfalen, hierzu l\u00e4dt der Oberhausener SPD-Landtagsabgeordnete Wolfgang Gro\u00dfe Br\u00f6mer interessierte Jugendliche herzlich ein. Vom 28. bis 30. Juni nehmen die jungen Menschen zwischen 16 und 20 Jahren auf den St\u00fchlen der 187 Abgeordneten Platz, um \u00fcber aktuelle Themen zu debattieren und abzustimmen. Mit den Beschl\u00fcssen der Jugendlichen befassen sich anschlie\u00dfend die Landtagsabgeordneten in den zust\u00e4ndigen Fachaussch\u00fcssen.<!--more--><\/p>\n<p>Beim Jugend-Landtag l\u00e4sst sich hautnah erleben, wie Landespolitik funktioniert. Ich bin gespannt, wer mich f\u00fcr drei Tage im Parlament vertritt, so der SPD-Abgeordnete Gro\u00dfe Br\u00f6mer. Er l\u00e4dt alle Jugendlichen zwischen 16 und 20 Jahren herzlich ein sich zu bewerben. Die Kosten f\u00fcr die \u00dcbernachtung, die Verpflegung und das Begleitprogramm in D\u00fcsseldorf \u00fcbernimmt der Landtag.<\/p>\n<p>Als Bewerbung reichen eine kurze E-Mail, ein Fax oder ein Brief mit Name, Adresse und Altersangabe sowie ein kurzer Satz, warum der oder die Jugendliche beim Jugend-Landtag mitmachen will, an das:<\/p>\n<p><b>Wahlkreisb\u00fcro<\/b><br \/>\nWolfgang Gro\u00dfe Br\u00f6mer (MdL)<br \/>\nSchwartzstr. 52<br \/>\n46045 Oberhausen<br \/>\nFax: 0208 62 1968 22<br \/>\nE-Mail: <a href=\"mailto:wolfgang.grosse_broemer@landtag.nrw.de\">Wolfgang Gro\u00dfe Br\u00f6mer<\/a><\/p>\n","protected":false},"excerpt":{"rendered":"<p>Mitreden in der Landespolitik im Rahmen des 2. Jugendtages des Landtags von Nordrhein-Westfalen, hierzu l\u00e4dt der Oberhausener SPD-Landtagsabgeordnete Wolfgang Gro\u00dfe Br\u00f6mer interessierte Jugendliche herzlich ein. Vom 28. bis 30. Juni&hellip; <\/p>\n","protected":false},"author":1,"featured_media":0,"comment_status":"closed","ping_status":"closed","sticky":false,"template":"","format":"standard","meta":{"footnotes":""},"categories":[1],"tags":[],"quellen":[],"class_list":["post-683","post","type-post","status-publish","format-standard","hentry","category-allgemein"],"_links":{"self":[{"href":"https:\/\/meier-gerdingh.de\/wp-spd-ob\/wp-json\/wp\/v2\/posts\/683","targetHints":{"allow":["GET"]}}],"collection":[{"href":"https:\/\/meier-gerdingh.de\/wp-spd-ob\/wp-json\/wp\/v2\/posts"}],"about":[{"href":"https:\/\/meier-gerdingh.de\/wp-spd-ob\/wp-json\/wp\/v2\/types\/post"}],"author":[{"embeddable":true,"href":"https:\/\/meier-gerdingh.de\/wp-spd-ob\/wp-json\/wp\/v2\/users\/1"}],"replies":[{"embeddable":true,"href":"https:\/\/meier-gerdingh.de\/wp-spd-ob\/wp-json\/wp\/v2\/comments?post=683"}],"version-history":[{"count":0,"href":"https:\/\/meier-gerdingh.de\/wp-spd-ob\/wp-json\/wp\/v2\/posts\/683\/revisions"}],"wp:attachment":[{"href":"https:\/\/meier-gerdingh.de\/wp-spd-ob\/wp-json\/wp\/v2\/media?parent=683"}],"wp:term":[{"taxonomy":"category","embeddable":true,"href":"https:\/\/meier-gerdingh.de\/wp-spd-ob\/wp-json\/wp\/v2\/categories?post=683"},{"taxonomy":"post_tag","embeddable":true,"href":"https:\/\/meier-gerdingh.de\/wp-spd-ob\/wp-json\/wp\/v2\/tags?post=683"},{"taxonomy":"quellen","embeddable":true,"href":"https:\/\/meier-gerdingh.de\/wp-spd-ob\/wp-json\/wp\/v2\/quellen?post=683"}],"curies":[{"name":"wp","href":"https:\/\/api.w.org\/{rel}","templated":true}]}}