{"id":684,"date":"2009-03-19T17:00:00","date_gmt":"2009-03-19T15:00:00","guid":{"rendered":"http:\/\/www.meier-gerdingh.de\/spd-oberhausen\/wp\/?p=684"},"modified":"2017-05-14T14:33:33","modified_gmt":"2017-05-14T12:33:33","slug":"michael-groschek-nimmt-an-der-wahl-des-bundespraesidenten-teil","status":"publish","type":"post","link":"https:\/\/meier-gerdingh.de\/wp-spd-ob\/2009\/03\/19\/michael-groschek-nimmt-an-der-wahl-des-bundespraesidenten-teil\/","title":{"rendered":"Michael Groschek nimmt an der Wahl des Bundespr\u00e4sidenten teil"},"content":{"rendered":"<div style=\"width: 150px\" class=\"wp-caption alignleft\"><a href=\"http:\/\/meier-gerdingh.de\/wp-spd-ob\/wp-content\/uploads\/groschek_michael_09.jpg\"><img decoding=\"async\" class=\"size-full\" src=\"http:\/\/meier-gerdingh.de\/wp-spd-ob\/wp-content\/uploads\/groschek_michael_09.jpg\" alt=\"Michael Groschek ist Mitglied des Landtags von Nordrhein-Westfalen und Generalsekret\u00e4r der NRWSPD\" width=\"140\" height=\"186\" \/><\/a><p class=\"wp-caption-text\">Michael Groschek ist Mitglied des Landtags von Nordrhein-Westfalen und Generalsekret\u00e4r der NRWSPD<\/p><\/div>\n<p>Der NRW-Landtag hat in seiner heutigen Sitzung die nordrhein-westf\u00e4lischen Mitglieder der 13. Bundesversammlung bestimmt. Die Bundesversammlung wird am 23. Mai 2009 in Berlin zusammen treten, um den Bundespr\u00e4sidenten bzw. die Bundespr\u00e4sidentin w\u00e4hlen. Als gr\u00f6\u00dftes Bundesland entsendet Nordrhein-Westfalen 131 der insgesamt 1224 Delegierten in dieses Gremium. Der Generalsekret\u00e4r der NRWSPD und Oberhausener Landtagsabgeordnete Michael Groschek wurde nach 2004 heute bereits zum zweiten Mal zum Mitglied der Bundesversammlung gew\u00e4hlt.<!--more--><\/p>\n<p>Die SPD-Landtagsfraktion hatte im Rahmen ihres Vorschlagsrechtes auch eine Reihe von Pers\u00f6nlichkeiten benannt, die nicht Mitglied des Landtags sind. Dazu z\u00e4hlen Handball-Bundestrainer Heiner Brand, der international anerkannte Cellist Thomas Beckmann oder der Pr\u00e4sident des Deutschen Schaustellerbundes Albert Ritter, die nun ebenfalls am 23. Mai an der Wahl des neuen Staatsoberhauptes teilnehmen werden.<\/p>\n","protected":false},"excerpt":{"rendered":"<p>Der NRW-Landtag hat in seiner heutigen Sitzung die nordrhein-westf\u00e4lischen Mitglieder der 13. Bundesversammlung bestimmt. Die Bundesversammlung wird am 23. Mai 2009 in Berlin zusammen treten, um den Bundespr\u00e4sidenten bzw. die&hellip; <\/p>\n","protected":false},"author":1,"featured_media":0,"comment_status":"closed","ping_status":"closed","sticky":false,"template":"","format":"standard","meta":{"footnotes":""},"categories":[1],"tags":[],"quellen":[],"class_list":["post-684","post","type-post","status-publish","format-standard","hentry","category-allgemein"],"_links":{"self":[{"href":"https:\/\/meier-gerdingh.de\/wp-spd-ob\/wp-json\/wp\/v2\/posts\/684","targetHints":{"allow":["GET"]}}],"collection":[{"href":"https:\/\/meier-gerdingh.de\/wp-spd-ob\/wp-json\/wp\/v2\/posts"}],"about":[{"href":"https:\/\/meier-gerdingh.de\/wp-spd-ob\/wp-json\/wp\/v2\/types\/post"}],"author":[{"embeddable":true,"href":"https:\/\/meier-gerdingh.de\/wp-spd-ob\/wp-json\/wp\/v2\/users\/1"}],"replies":[{"embeddable":true,"href":"https:\/\/meier-gerdingh.de\/wp-spd-ob\/wp-json\/wp\/v2\/comments?post=684"}],"version-history":[{"count":0,"href":"https:\/\/meier-gerdingh.de\/wp-spd-ob\/wp-json\/wp\/v2\/posts\/684\/revisions"}],"wp:attachment":[{"href":"https:\/\/meier-gerdingh.de\/wp-spd-ob\/wp-json\/wp\/v2\/media?parent=684"}],"wp:term":[{"taxonomy":"category","embeddable":true,"href":"https:\/\/meier-gerdingh.de\/wp-spd-ob\/wp-json\/wp\/v2\/categories?post=684"},{"taxonomy":"post_tag","embeddable":true,"href":"https:\/\/meier-gerdingh.de\/wp-spd-ob\/wp-json\/wp\/v2\/tags?post=684"},{"taxonomy":"quellen","embeddable":true,"href":"https:\/\/meier-gerdingh.de\/wp-spd-ob\/wp-json\/wp\/v2\/quellen?post=684"}],"curies":[{"name":"wp","href":"https:\/\/api.w.org\/{rel}","templated":true}]}}