{"id":6847,"date":"2019-11-26T12:19:53","date_gmt":"2019-11-26T11:19:53","guid":{"rendered":"https:\/\/meier-gerdingh.de\/wp-spd-ob\/?p=6847"},"modified":"2019-11-27T08:22:21","modified_gmt":"2019-11-27T07:22:21","slug":"oberhausen-fehlen-fast-zwei-millionen-euro-integrationsmittel","status":"publish","type":"post","link":"https:\/\/meier-gerdingh.de\/wp-spd-ob\/2019\/11\/26\/oberhausen-fehlen-fast-zwei-millionen-euro-integrationsmittel\/","title":{"rendered":"Oberhausen fehlen fast zwei Millionen Euro Integrationsmittel"},"content":{"rendered":"<div id=\"attachment_4242\" style=\"width: 150px\" class=\"wp-caption alignleft\"><a href=\"https:\/\/meier-gerdingh.de\/wp-spd-ob\/wp-content\/uploads\/2017\/05\/zimkeit_stefan_17.jpg\"><img aria-describedby=\"caption-attachment-4242\" decoding=\"async\" class=\"size-full wp-image-4242\" src=\"https:\/\/meier-gerdingh.de\/wp-spd-ob\/wp-content\/uploads\/2017\/05\/zimkeit_stefan_17.jpg\" alt=\"\" width=\"140\" height=\"192\" \/><\/a><p id=\"caption-attachment-4242\" class=\"wp-caption-text\">Stefan Zimkeit ist Landtagsabgeordneter f\u00fcr Oberhausen-Sterkrade und Dinslaken sowie haushalts- und finanzpolitischer Sprecher der SPD-Landtagsfraktion<\/p><\/div>\n<p>&#8222;Es ist gut, dass der Bundestag beschlossen hat, dass der Bund auch im n\u00e4chsten Jahr eine Integrationspauschale zahlen wird&#8220;, sagt Stefan Zimkeit. &#8222;NRW erh\u00e4lt deshalb in 2020 151 Millionen Euro. Leider weigert sich die CDU-FDP-Landesregierung, dieses Geld an die St\u00e4dte weiterzugeben&#8220;, berichtet der SPD-Abgeordnete aus dem Finanzausschuss des Landtages. &#8222;Deshalb entgehen Oberhausen fast zwei Millionen Euro.&#8220;<\/p>\n<p>Das gef\u00e4hrde die erfolgreiche Integrationsarbeit vor Ort, beklagt Zimkeit. &#8222;Leidtragende sind die vielen Engagierten, denen die finanzielle Unterst\u00fctzung entzogen wird.&#8220; Stefan Zimkeit erinnert daran, dass die Unterst\u00fctzung der St\u00e4dte bei der Integration zu den Wahlkampfversprechen der CDU geh\u00f6rte. &#8222;Daran will sich die Landesregierung jetzt nicht mehr erinnern.&#8220;<!--more--><\/p>\n<p>Integration finde in erster Linie auf \u00f6rtlicher Ebene statt. &#8222;Das Land braucht f\u00fcr die Erstaufnahme der Menschen, die zu uns kommen, momentan keine finanzielle Hilfe aus Berlin&#8220;, stellt Zimkeit fest. &#8222;Aber Kommunen wie Oberhausen sind dringend darauf angewiesen, bei dieser wichtigen Zukunftsaufgabe nicht allein gelassen zu werden.&#8220;<\/p>\n","protected":false},"excerpt":{"rendered":"<p>&#8222;Es ist gut, dass der Bundestag beschlossen hat, dass der Bund auch im n\u00e4chsten Jahr eine Integrationspauschale zahlen wird&#8220;, sagt Stefan Zimkeit. &#8222;NRW erh\u00e4lt deshalb in 2020 151 Millionen Euro.&hellip; <\/p>\n","protected":false},"author":1,"featured_media":0,"comment_status":"closed","ping_status":"closed","sticky":false,"template":"","format":"standard","meta":{"footnotes":""},"categories":[98,61,216],"tags":[575,257,1679,1448,14,1555],"quellen":[331],"class_list":["post-6847","post","type-post","status-publish","format-standard","hentry","category-finanzen","category-integration","category-land","tag-fluechtlingsintegration","tag-fluechtlingskosten","tag-integrationsmittel","tag-integrationspauschale","tag-kommunalfinanzen","tag-ruhrgebietsstaedte","quellen-mdl-stefan-zimkeit"],"_links":{"self":[{"href":"https:\/\/meier-gerdingh.de\/wp-spd-ob\/wp-json\/wp\/v2\/posts\/6847","targetHints":{"allow":["GET"]}}],"collection":[{"href":"https:\/\/meier-gerdingh.de\/wp-spd-ob\/wp-json\/wp\/v2\/posts"}],"about":[{"href":"https:\/\/meier-gerdingh.de\/wp-spd-ob\/wp-json\/wp\/v2\/types\/post"}],"author":[{"embeddable":true,"href":"https:\/\/meier-gerdingh.de\/wp-spd-ob\/wp-json\/wp\/v2\/users\/1"}],"replies":[{"embeddable":true,"href":"https:\/\/meier-gerdingh.de\/wp-spd-ob\/wp-json\/wp\/v2\/comments?post=6847"}],"version-history":[{"count":0,"href":"https:\/\/meier-gerdingh.de\/wp-spd-ob\/wp-json\/wp\/v2\/posts\/6847\/revisions"}],"wp:attachment":[{"href":"https:\/\/meier-gerdingh.de\/wp-spd-ob\/wp-json\/wp\/v2\/media?parent=6847"}],"wp:term":[{"taxonomy":"category","embeddable":true,"href":"https:\/\/meier-gerdingh.de\/wp-spd-ob\/wp-json\/wp\/v2\/categories?post=6847"},{"taxonomy":"post_tag","embeddable":true,"href":"https:\/\/meier-gerdingh.de\/wp-spd-ob\/wp-json\/wp\/v2\/tags?post=6847"},{"taxonomy":"quellen","embeddable":true,"href":"https:\/\/meier-gerdingh.de\/wp-spd-ob\/wp-json\/wp\/v2\/quellen?post=6847"}],"curies":[{"name":"wp","href":"https:\/\/api.w.org\/{rel}","templated":true}]}}