{"id":685,"date":"2009-03-24T17:00:00","date_gmt":"2009-03-24T15:00:00","guid":{"rendered":"http:\/\/www.meier-gerdingh.de\/spd-oberhausen\/wp\/?p=685"},"modified":"2017-05-14T14:33:10","modified_gmt":"2017-05-14T12:33:10","slug":"kandidatinnen-und-kandidaten-fuer-rat-und-bezirksvertretungen-in-grosser-einmuetigkeit-aufgestellt","status":"publish","type":"post","link":"https:\/\/meier-gerdingh.de\/wp-spd-ob\/2009\/03\/24\/kandidatinnen-und-kandidaten-fuer-rat-und-bezirksvertretungen-in-grosser-einmuetigkeit-aufgestellt\/","title":{"rendered":"Kandidatinnen und Kandidaten f\u00fcr Rat und Bezirksvertretungen in gro\u00dfer Einm\u00fctigkeit aufgestellt"},"content":{"rendered":"<div style=\"width: 150px\" class=\"wp-caption alignleft\"><a href=\"http:\/\/meier-gerdingh.de\/wp-spd-ob\/wp-content\/uploads\/wehling_ob.jpg\"><img decoding=\"async\" class=\"size-full\" src=\"http:\/\/meier-gerdingh.de\/wp-spd-ob\/wp-content\/uploads\/wehling_ob.jpg\" alt=\"Traumergebnis von mehr als 98 Prozent f\u00fcr Oberb\u00fcrgermeister Klaus Wehling, den Spitzenkandidaten der Oberhausener SPD f\u00fcr die Kommunalwahl 2009\" width=\"140\" height=\"172\" \/><\/a><p class=\"wp-caption-text\">Traumergebnis von mehr als 98 Prozent f\u00fcr Oberb\u00fcrgermeister Klaus Wehling, den Spitzenkandidaten der Oberhausener SPD f\u00fcr die Kommunalwahl 2009<\/p><\/div>\n<p>Offensichtlich gut vorbereitet waren die Wahlen, die bei der SPD-Versammlung zur Aufstellung der Kandidaten f\u00fcr die Kommunalwahlen durchzuf\u00fchren waren. In f\u00fcnf Wahlg\u00e4ngen hatten die Delegierten \u00fcber die SPD-Kandidaturen f\u00fcr die Wahlkreise und die Reserveliste f\u00fcr den Stadtrat sowie die drei Bezirksvertretungen abzustimmen. Alle Wahlen liefen in gro\u00dfer Einm\u00fctigkeit ab. Oberb\u00fcrgermeister Klaus Wehling bekam f\u00fcr seine erneute Kandidatur mit \u00fcber 98 Prozent ein Traumergebnis.<!--more--><\/p>\n<p>Die Liste f\u00fcr den Stadtrat f\u00fchrt der Fraktionsvorsitzende Wolfgang Gro\u00dfe Br\u00f6mer MdL an, gefolgt von Anne Jan\u00dfen, Stefan Zimkeit und Elia Albrecht-Mainz. Insgesamt umfasst die Vorschlagsliste 63 Namen, die von den Delegierten allesamt mit Ergebnissen von mehr als 95 Prozent best\u00e4tigt wurden. In den 29 Wahlkreisen der Stadt kandidieren f\u00fcr die SPD 19 M\u00e4nner und 10 Frauen, davon 8 zum ersten Mal. Auch auf der Reserveliste ist der Frauenanteil h\u00f6her als je zuvor: Mit 10 Frauen unter den ersten 25 Pl\u00e4tzen betr\u00e4gt er 40 Prozent.<\/p>\n<p>Unmittelbar hinter den Wahlkreiskandidaten kandidieren f\u00fcr die SPD der IG-Metall-Bevollm\u00e4chtigte Peter Koppers als DGB-Vertreter sowie der Vorsitzende der Kreishandwerkerschaft J\u00f6rg Bischoff .<\/p>\n<p>Einigkeit auch bei der Wahl f\u00fcr die Bezirksvertretungen: Angef\u00fchrt von den Bezirksb\u00fcrgereistern Dieter Janssen (Sterkrade), Karl-Heinz Pflugbeil (Osterfeld) und Josef Loege (Alt-Oberhausen) kandidieren 66 Sozialdemokraten f\u00fcr die Pl\u00e4tze in den Bezirksvertretungen. Auch hier sind jeweils 40 Prozent der aussichtsreichen Pl\u00e4tze mit Frauen besetzt.<\/p>\n<p>Die vollst\u00e4ndigen Kandidatenlisten k\u00f6nnen Sie im Folgenden als pdf-Dateien herunterladen:<\/p>\n<p><a class=\"nominierung\" href=\"http:\/\/meier-gerdingh.de\/wp-spd-ob\/pdf\/nominierung_09_rat_wahlkreiskandidaten.pdf\" target=\"_blank\" rel=\"noopener noreferrer\">Rat der Stadt: Wahlkreiskandidaten<\/a><\/p>\n<p><a class=\"nominierung\" href=\"http:\/\/meier-gerdingh.de\/wp-spd-ob\/pdf\/nominierung_09_rat_reserveliste.pdf\" target=\"_blank\" rel=\"noopener noreferrer\">Rat der Stadt: Reserveliste<\/a><\/p>\n<p><a class=\"nominierung\" href=\"http:\/\/meier-gerdingh.de\/wp-spd-ob\/pdf\/nominierung_09_bzv_alt_oberhausen.pdf\" target=\"_blank\" rel=\"noopener noreferrer\">Bezirksvertretung Alt-Oberhausen<\/a><\/p>\n<p><a class=\"nominierung\" href=\"http:\/\/meier-gerdingh.de\/wp-spd-ob\/pdf\/nominierung_09_bzv_osterfeld.pdf\" target=\"_blank\" rel=\"noopener noreferrer\">Bezirksvertretung Osterfeld<\/a><\/p>\n<p><a class=\"nominierung\" href=\"http:\/\/meier-gerdingh.de\/wp-spd-ob\/pdf\/nominierung_09_bzv_sterkrade.pdf\" target=\"_blank\" rel=\"noopener noreferrer\">Bezirksvertretung Sterkrade<\/a><\/p>\n","protected":false},"excerpt":{"rendered":"<p>Offensichtlich gut vorbereitet waren die Wahlen, die bei der SPD-Versammlung zur Aufstellung der Kandidaten f\u00fcr die Kommunalwahlen durchzuf\u00fchren waren. In f\u00fcnf Wahlg\u00e4ngen hatten die Delegierten \u00fcber die SPD-Kandidaturen f\u00fcr die&hellip; <\/p>\n","protected":false},"author":1,"featured_media":0,"comment_status":"closed","ping_status":"closed","sticky":false,"template":"","format":"standard","meta":{"footnotes":""},"categories":[1],"tags":[],"quellen":[],"class_list":["post-685","post","type-post","status-publish","format-standard","hentry","category-allgemein"],"_links":{"self":[{"href":"https:\/\/meier-gerdingh.de\/wp-spd-ob\/wp-json\/wp\/v2\/posts\/685","targetHints":{"allow":["GET"]}}],"collection":[{"href":"https:\/\/meier-gerdingh.de\/wp-spd-ob\/wp-json\/wp\/v2\/posts"}],"about":[{"href":"https:\/\/meier-gerdingh.de\/wp-spd-ob\/wp-json\/wp\/v2\/types\/post"}],"author":[{"embeddable":true,"href":"https:\/\/meier-gerdingh.de\/wp-spd-ob\/wp-json\/wp\/v2\/users\/1"}],"replies":[{"embeddable":true,"href":"https:\/\/meier-gerdingh.de\/wp-spd-ob\/wp-json\/wp\/v2\/comments?post=685"}],"version-history":[{"count":0,"href":"https:\/\/meier-gerdingh.de\/wp-spd-ob\/wp-json\/wp\/v2\/posts\/685\/revisions"}],"wp:attachment":[{"href":"https:\/\/meier-gerdingh.de\/wp-spd-ob\/wp-json\/wp\/v2\/media?parent=685"}],"wp:term":[{"taxonomy":"category","embeddable":true,"href":"https:\/\/meier-gerdingh.de\/wp-spd-ob\/wp-json\/wp\/v2\/categories?post=685"},{"taxonomy":"post_tag","embeddable":true,"href":"https:\/\/meier-gerdingh.de\/wp-spd-ob\/wp-json\/wp\/v2\/tags?post=685"},{"taxonomy":"quellen","embeddable":true,"href":"https:\/\/meier-gerdingh.de\/wp-spd-ob\/wp-json\/wp\/v2\/quellen?post=685"}],"curies":[{"name":"wp","href":"https:\/\/api.w.org\/{rel}","templated":true}]}}