{"id":6852,"date":"2019-11-28T16:03:29","date_gmt":"2019-11-28T15:03:29","guid":{"rendered":"https:\/\/meier-gerdingh.de\/wp-spd-ob\/?p=6852"},"modified":"2019-11-28T16:03:29","modified_gmt":"2019-11-28T15:03:29","slug":"bedenkentraeger-setzen-sich-durch","status":"publish","type":"post","link":"https:\/\/meier-gerdingh.de\/wp-spd-ob\/2019\/11\/28\/bedenkentraeger-setzen-sich-durch\/","title":{"rendered":"Bedenkentr\u00e4ger setzen sich durch"},"content":{"rendered":"<div id=\"attachment_5396\" style=\"width: 190px\" class=\"wp-caption alignleft\"><a href=\"https:\/\/meier-gerdingh.de\/wp-spd-ob\/wp-content\/uploads\/2018\/07\/14_flore_manfred_1000.jpg\"><img aria-describedby=\"caption-attachment-5396\" decoding=\"async\" class=\"size-full wp-image-5396\" src=\"https:\/\/meier-gerdingh.de\/wp-spd-ob\/wp-content\/uploads\/2018\/07\/14_flore_manfred.jpg\" alt=\"\" width=\"180\" height=\"180\" srcset=\"https:\/\/meier-gerdingh.de\/wp-spd-ob\/wp-content\/uploads\/2018\/07\/14_flore_manfred.jpg 180w, https:\/\/meier-gerdingh.de\/wp-spd-ob\/wp-content\/uploads\/2018\/07\/14_flore_manfred-150x150.jpg 150w\" sizes=\"(max-width: 180px) 100vw, 180px\" \/><\/a><p id=\"caption-attachment-5396\" class=\"wp-caption-text\">Manfred Flore ist umwelt- und kulturpolitischer Sprecher der SPD-Ratsfraktion<\/p><\/div>\n<p>Das von der SPD vorgeschlagene Projekt &#8222;Fifty\/Fifty&#8220;, das Jugendliche zu Energie- und Ressourcenersparnis ermutigen sollte, wird nicht umgesetzt. F\u00fcr die Realisierung sprach sich neben der SPD nur die Gruppe FD 14\/20 (ehemals FDP-Ratsgruppe) aus. Eine breite Front von den Linken \u00fcber die Gr\u00fcnen bis zur CDU sprach sich gegen den Antrag aus.<\/p>\n<p>Das Projekt h\u00e4tten die Sozialdemokraten gerne an allen Schulen, Kindertageseinrichtungen und Jugendzentren installiert. Einrichtungen, die ihren Strom-, W\u00e4rme- oder Wasserverbrauch reduziert h\u00e4tten, sollten einen Anteil von 50 Prozent der finanziellen Einsparung zur freien Verf\u00fcgung erhalten. Doch daraus wird nun nichts.<!--more--><\/p>\n<p>&#8222;Ich finde es schade, dass dieses Projekt von anderen Fraktionen und Gruppen zerredet und abgelehnt worden ist&#8220;, so der umweltpolitische Sprecher der SPD-Ratsfraktion, Manfred Flore. &#8222;Lehrerinnen und Lehrern h\u00e4tten es damit leicht gehabt, das Thema Klimaschutz im Unterricht zu integrieren. Die Kinder und Jugendlichen h\u00e4tten sich an den Schulen oder in Jugendzentren mit Ressourcenschutz befassen k\u00f6nnen und diese Ideen dann mit nach Hause genommen. In den Kindertageseinrichtungen h\u00e4tten schon die J\u00fcngsten ganz spielerisch f\u00fcr das Thema sensibilisiert werden k\u00f6nnen&#8220;, so Flore weiter. &#8222;Auch die Klimaschutzmanager h\u00e4tten so ganz leicht Zugang finden k\u00f6nnen.&#8220;<\/p>\n<p>Stattdessen, so der SPD-Umweltpolitiker, h\u00e4tten sich die Bedenkentr\u00e4ger durchgesetzt. &#8222;Wer sich allen Ernstes darum sorgt, dass wegen ,Fifty\/Fifty\u2018 Jugendliche aus falschem Ehrgeiz in kalten Klassenzimmern gehockt h\u00e4tten oder es mit der K\u00f6rperhygiene nicht mehr so genau genommen h\u00e4tten, um Wasser zu sparen, hat schon ein ziemlich schr\u00e4ges Bild von unserer Jugend und traut den Lehrerinnen und Lehrern an Oberhausens Schulen offenbar nicht sehr viel zu&#8220;, erkl\u00e4rt Flore.<\/p>\n","protected":false},"excerpt":{"rendered":"<p>Das von der SPD vorgeschlagene Projekt &#8222;Fifty\/Fifty&#8220;, das Jugendliche zu Energie- und Ressourcenersparnis ermutigen sollte, wird nicht umgesetzt. F\u00fcr die Realisierung sprach sich neben der SPD nur die Gruppe FD&hellip; <\/p>\n","protected":false},"author":1,"featured_media":0,"comment_status":"closed","ping_status":"closed","sticky":false,"template":"","format":"standard","meta":{"footnotes":""},"categories":[231,29],"tags":[2135,1614,484,2136,771],"quellen":[326],"class_list":["post-6852","post","type-post","status-publish","format-standard","hentry","category-bildung","category-umwelt","tag-fifty-fifty","tag-antrag","tag-klimaschutz","tag-klimaschutzmanager","tag-klimawandel","quellen-spd-fraktion-oberhausen"],"_links":{"self":[{"href":"https:\/\/meier-gerdingh.de\/wp-spd-ob\/wp-json\/wp\/v2\/posts\/6852","targetHints":{"allow":["GET"]}}],"collection":[{"href":"https:\/\/meier-gerdingh.de\/wp-spd-ob\/wp-json\/wp\/v2\/posts"}],"about":[{"href":"https:\/\/meier-gerdingh.de\/wp-spd-ob\/wp-json\/wp\/v2\/types\/post"}],"author":[{"embeddable":true,"href":"https:\/\/meier-gerdingh.de\/wp-spd-ob\/wp-json\/wp\/v2\/users\/1"}],"replies":[{"embeddable":true,"href":"https:\/\/meier-gerdingh.de\/wp-spd-ob\/wp-json\/wp\/v2\/comments?post=6852"}],"version-history":[{"count":0,"href":"https:\/\/meier-gerdingh.de\/wp-spd-ob\/wp-json\/wp\/v2\/posts\/6852\/revisions"}],"wp:attachment":[{"href":"https:\/\/meier-gerdingh.de\/wp-spd-ob\/wp-json\/wp\/v2\/media?parent=6852"}],"wp:term":[{"taxonomy":"category","embeddable":true,"href":"https:\/\/meier-gerdingh.de\/wp-spd-ob\/wp-json\/wp\/v2\/categories?post=6852"},{"taxonomy":"post_tag","embeddable":true,"href":"https:\/\/meier-gerdingh.de\/wp-spd-ob\/wp-json\/wp\/v2\/tags?post=6852"},{"taxonomy":"quellen","embeddable":true,"href":"https:\/\/meier-gerdingh.de\/wp-spd-ob\/wp-json\/wp\/v2\/quellen?post=6852"}],"curies":[{"name":"wp","href":"https:\/\/api.w.org\/{rel}","templated":true}]}}