{"id":6854,"date":"2019-11-28T09:06:33","date_gmt":"2019-11-28T08:06:33","guid":{"rendered":"https:\/\/meier-gerdingh.de\/wp-spd-ob\/?p=6854"},"modified":"2019-12-02T09:08:55","modified_gmt":"2019-12-02T08:08:55","slug":"haushalte-sind-in-zahlen-gegossene-politik","status":"publish","type":"post","link":"https:\/\/meier-gerdingh.de\/wp-spd-ob\/2019\/11\/28\/haushalte-sind-in-zahlen-gegossene-politik\/","title":{"rendered":"Haushalte sind in Zahlen gegossene Politik"},"content":{"rendered":"<div id=\"attachment_5285\" style=\"width: 190px\" class=\"wp-caption alignleft\"><a href=\"https:\/\/meier-gerdingh.de\/wp-spd-ob\/wp-content\/uploads\/2018\/06\/14_bongers_sonja_1000.jpg\"><img aria-describedby=\"caption-attachment-5285\" decoding=\"async\" class=\"size-full wp-image-5285\" src=\"https:\/\/meier-gerdingh.de\/wp-spd-ob\/wp-content\/uploads\/2018\/06\/14_bongers_sonja.jpg\" alt=\"\" width=\"180\" height=\"180\" srcset=\"https:\/\/meier-gerdingh.de\/wp-spd-ob\/wp-content\/uploads\/2018\/06\/14_bongers_sonja.jpg 180w, https:\/\/meier-gerdingh.de\/wp-spd-ob\/wp-content\/uploads\/2018\/06\/14_bongers_sonja-150x150.jpg 150w\" sizes=\"(max-width: 180px) 100vw, 180px\" \/><\/a><p id=\"caption-attachment-5285\" class=\"wp-caption-text\">Sonja Bongers ist Vorsitzende der SPD-Ratsfraktion und Mitglied des Landtags von Nordrhein-Westfalen<\/p><\/div>\n<p>&#8222;Haushalte sind in Zahlen gegossene Politik&#8220;, kommentiert die Landtagsabgeordnete Sonja Bongers (SPD) die derzeitige Haushaltdebatte im Landtag. W\u00e4hrend dieser Plenarwoche werden dort die Einzelpl\u00e4ne f\u00fcr den nordrhein-westf\u00e4lischen Haushalt behandelt, wobei sich Frau Bongers als rechtspolitische Sprecherin der SPD-Landtagsfraktion den Einzelplan f\u00fcr den Bereich der Justiz vorgenommen hat.<!--more--><\/p>\n<p>&#8222;Mit ist es vor allem wichtig, dass unsere Gerichte und Justizvollzugsanstalten finanziell so ausgestattet sind, dass sie vern\u00fcnftig arbeiten k\u00f6nnen, denn diese tragen ma\u00dfgeblich zur Gerechtigkeit und Sicherheit in unserem Land bei. Aber leider muss ich erhebliche strukturelle Probleme in der Personalausstattung der ordentlichen Gerichtsbarkeit und Staatsanwaltschaft feststellen. Laut Richterbund fehlen hier in unseren Gerichten etwa 460 Stellen.<\/p>\n<p>Insgesamt gibt es in der Justiz sogar 2029 unbesetzte Stellen und von den besetzten Stellen sind derzeit 1480 befristet, wobei davon sogar 1200 ohne Sachgrund befristet sind. Solange sachgrundlose befristete Arbeitsvertr\u00e4ge angeboten werden, ist es nat\u00fcrlich schwierig, gut qualifizierten Nachwuchs zu rekrutieren.<\/p>\n<p>Deshalb muss ich leider zu dem Ergebnis kommen, dass die Politik, die sich in den Zahlen dieses Haushaltes wiederfindet, leider sehr entt\u00e4uschend ist und nicht zu einer guten Funktionsweise oder gar Modernisierung unseres Justizwesen beitr\u00e4gt&#8220;, f\u00fcgt die Abgeordnete abschlie\u00dfend hinzu.<\/p>\n","protected":false},"excerpt":{"rendered":"<p>&#8222;Haushalte sind in Zahlen gegossene Politik&#8220;, kommentiert die Landtagsabgeordnete Sonja Bongers (SPD) die derzeitige Haushaltdebatte im Landtag. W\u00e4hrend dieser Plenarwoche werden dort die Einzelpl\u00e4ne f\u00fcr den nordrhein-westf\u00e4lischen Haushalt behandelt, wobei&hellip; <\/p>\n","protected":false},"author":1,"featured_media":0,"comment_status":"closed","ping_status":"closed","sticky":false,"template":"","format":"standard","meta":{"footnotes":""},"categories":[216],"tags":[1763,1760,1761,565,2137,1446,1410],"quellen":[1317],"class_list":["post-6854","post","type-post","status-publish","format-standard","hentry","category-land","tag-haushaltsdebatte","tag-justiz","tag-justizvollzugsanstalten","tag-landeshaushalt","tag-personalausstattung","tag-sachgrundlose-befristung","tag-stellenplan","quellen-mdl-sonja-bongers"],"_links":{"self":[{"href":"https:\/\/meier-gerdingh.de\/wp-spd-ob\/wp-json\/wp\/v2\/posts\/6854","targetHints":{"allow":["GET"]}}],"collection":[{"href":"https:\/\/meier-gerdingh.de\/wp-spd-ob\/wp-json\/wp\/v2\/posts"}],"about":[{"href":"https:\/\/meier-gerdingh.de\/wp-spd-ob\/wp-json\/wp\/v2\/types\/post"}],"author":[{"embeddable":true,"href":"https:\/\/meier-gerdingh.de\/wp-spd-ob\/wp-json\/wp\/v2\/users\/1"}],"replies":[{"embeddable":true,"href":"https:\/\/meier-gerdingh.de\/wp-spd-ob\/wp-json\/wp\/v2\/comments?post=6854"}],"version-history":[{"count":0,"href":"https:\/\/meier-gerdingh.de\/wp-spd-ob\/wp-json\/wp\/v2\/posts\/6854\/revisions"}],"wp:attachment":[{"href":"https:\/\/meier-gerdingh.de\/wp-spd-ob\/wp-json\/wp\/v2\/media?parent=6854"}],"wp:term":[{"taxonomy":"category","embeddable":true,"href":"https:\/\/meier-gerdingh.de\/wp-spd-ob\/wp-json\/wp\/v2\/categories?post=6854"},{"taxonomy":"post_tag","embeddable":true,"href":"https:\/\/meier-gerdingh.de\/wp-spd-ob\/wp-json\/wp\/v2\/tags?post=6854"},{"taxonomy":"quellen","embeddable":true,"href":"https:\/\/meier-gerdingh.de\/wp-spd-ob\/wp-json\/wp\/v2\/quellen?post=6854"}],"curies":[{"name":"wp","href":"https:\/\/api.w.org\/{rel}","templated":true}]}}