{"id":6855,"date":"2019-11-29T09:12:10","date_gmt":"2019-11-29T08:12:10","guid":{"rendered":"https:\/\/meier-gerdingh.de\/wp-spd-ob\/?p=6855"},"modified":"2019-12-02T09:13:58","modified_gmt":"2019-12-02T08:13:58","slug":"schwarz-gelbe-mehrheit-beschliesst-kita-gesetz","status":"publish","type":"post","link":"https:\/\/meier-gerdingh.de\/wp-spd-ob\/2019\/11\/29\/schwarz-gelbe-mehrheit-beschliesst-kita-gesetz\/","title":{"rendered":"Schwarz-gelbe Mehrheit beschlie\u00dft Kita-Gesetz"},"content":{"rendered":"<div id=\"attachment_4242\" style=\"width: 150px\" class=\"wp-caption alignleft\"><a href=\"https:\/\/meier-gerdingh.de\/wp-spd-ob\/wp-content\/uploads\/2017\/05\/zimkeit_stefan_17.jpg\"><img aria-describedby=\"caption-attachment-4242\" decoding=\"async\" class=\"size-full wp-image-4242\" src=\"https:\/\/meier-gerdingh.de\/wp-spd-ob\/wp-content\/uploads\/2017\/05\/zimkeit_stefan_17.jpg\" alt=\"\" width=\"140\" height=\"192\" \/><\/a><p id=\"caption-attachment-4242\" class=\"wp-caption-text\">Stefan Zimkeit ist Landtagsabgeordneter f\u00fcr Oberhausen-Sterkrade und Dinslaken sowie haushalts- und finanzpolitischer Sprecher der SPD-Landtagsfraktion<\/p><\/div>\n<p>&#8222;Leider sind alle Bem\u00fchungen, im Interesse der Kinder f\u00fcr ein besseres Kita-Gesetz zu sorgen, an der CDU-FDP-Mehrheit gescheitert&#8220;, berichtet Stefan Zimkeit von den Beratungen \u00fcber das ver\u00e4nderte Kinderbildungsgesetz (KiBiz) im Landtag. Viele Erzieherinnen und Erzieher, die Tr\u00e4ger der Kinderg\u00e4rten und Eltern hatten gegen das Gesetzesvorhaben protestiert, auch auf zwei Veranstaltungen mit Fachleuten aus Dinslaken und Oberhausen, die bei der AWO stattfanden.<\/p>\n<p>Stefan Zimkeit, finanzpolitischer Sprecher der SPD-Fraktion, hatte die vor Ort ge\u00e4u\u00dferten Bedenken in der Landtagsdebatte vorgetragen. Er wies auf die Gro\u00dfdemonstration zehntausender Erzieherinnen und Erzieher hin, die bereits im Sommer gegen das KiBiz-Gesetzesvorhaben protestierten.<!--more--><\/p>\n<p>Der finanzpolitische Sprecher der CDU-Fraktion, Arne Moritz, zeigte sich davon unbeeindruckt. &#8222;Wer sagt, das KiBiz sei keine gro\u00dfe Leistung, ist fachfremd&#8220;, antwortete Moritz in der Plenardiskussion. Die Vorschl\u00e4ge der SPD, f\u00fcr eine dauerhafte ausk\u00f6mmliche Sockelfinanzierung und eine bessere Personalausstattung der Kita zu sorgen, wurden im Landtag abgelehnt.<\/p>\n<p>Als Verlierer des mit schwarz-gelber Mehrheit beschlossenen neuen KiBiz sehen sich in erster Linie die Sozialverb\u00e4nde und Kirchengemeinden, die viele der Kinderg\u00e4rten betreiben, und die Erzieherinnen und Erzieher.<\/p>\n<p>&#8222;Die wirklich Leidtragen sind aber die Kinder&#8220;, erl\u00e4utert Stefan Zimkeit, &#8222;weil deren Interessen missachtet wurden, die Qualit\u00e4t der Kitas deutlich zu verbessern. Die Behauptungen der Landesregierung, sie w\u00fcrde k\u00fcnftig mehr Geld in die Kindertageseinrichtungen stecken, ist falsch. Sie verl\u00e4ngert de facto nur die Finanzmittel aus einer Zwischenfinanzierung&#8220;, sagt Zimkeit. Ansonsten leite die Landesregierung nur das f\u00fcr NRW vorgesehene Geld aus dem &#8222;Gute-Kita-Gesetz&#8220; von Bundesfamilienministerin Franziska Giffey (SPD) weiter.<\/p>\n<p>&#8222;Das ist immerhin ein kleiner Lichtblick. Aber wirkliche Fortschritte w\u00fcrde nur die Abschaffung des KiBiz und die Verabschiedung eines neuen Kita-Gesetzes bewirken&#8220;, \u00e4rgert sich Stefan Zimkeit \u00fcber die verpasste Chance.<\/p>\n","protected":false},"excerpt":{"rendered":"<p>&#8222;Leider sind alle Bem\u00fchungen, im Interesse der Kinder f\u00fcr ein besseres Kita-Gesetz zu sorgen, an der CDU-FDP-Mehrheit gescheitert&#8220;, berichtet Stefan Zimkeit von den Beratungen \u00fcber das ver\u00e4nderte Kinderbildungsgesetz (KiBiz) im&hellip; <\/p>\n","protected":false},"author":1,"featured_media":0,"comment_status":"closed","ping_status":"closed","sticky":false,"template":"","format":"standard","meta":{"footnotes":""},"categories":[179,216],"tags":[2004,1576,1796,162,161,605,941,603,165,1726,1752,1842],"quellen":[331],"class_list":["post-6855","post","type-post","status-publish","format-standard","hentry","category-kinder-und-jugendliche","category-land","tag-erzieherinnen-und-erzieher","tag-freie-traeger","tag-gute-kita-gesetz","tag-kibiz","tag-kinderbildungsgesetz","tag-kindergaerten","tag-kita-beitraege","tag-kita-finanzierung","tag-kitas","tag-kte-gebuehren","tag-ktes","tag-sozialverbaende","quellen-mdl-stefan-zimkeit"],"_links":{"self":[{"href":"https:\/\/meier-gerdingh.de\/wp-spd-ob\/wp-json\/wp\/v2\/posts\/6855","targetHints":{"allow":["GET"]}}],"collection":[{"href":"https:\/\/meier-gerdingh.de\/wp-spd-ob\/wp-json\/wp\/v2\/posts"}],"about":[{"href":"https:\/\/meier-gerdingh.de\/wp-spd-ob\/wp-json\/wp\/v2\/types\/post"}],"author":[{"embeddable":true,"href":"https:\/\/meier-gerdingh.de\/wp-spd-ob\/wp-json\/wp\/v2\/users\/1"}],"replies":[{"embeddable":true,"href":"https:\/\/meier-gerdingh.de\/wp-spd-ob\/wp-json\/wp\/v2\/comments?post=6855"}],"version-history":[{"count":0,"href":"https:\/\/meier-gerdingh.de\/wp-spd-ob\/wp-json\/wp\/v2\/posts\/6855\/revisions"}],"wp:attachment":[{"href":"https:\/\/meier-gerdingh.de\/wp-spd-ob\/wp-json\/wp\/v2\/media?parent=6855"}],"wp:term":[{"taxonomy":"category","embeddable":true,"href":"https:\/\/meier-gerdingh.de\/wp-spd-ob\/wp-json\/wp\/v2\/categories?post=6855"},{"taxonomy":"post_tag","embeddable":true,"href":"https:\/\/meier-gerdingh.de\/wp-spd-ob\/wp-json\/wp\/v2\/tags?post=6855"},{"taxonomy":"quellen","embeddable":true,"href":"https:\/\/meier-gerdingh.de\/wp-spd-ob\/wp-json\/wp\/v2\/quellen?post=6855"}],"curies":[{"name":"wp","href":"https:\/\/api.w.org\/{rel}","templated":true}]}}