{"id":6859,"date":"2019-12-05T19:43:13","date_gmt":"2019-12-05T18:43:13","guid":{"rendered":"https:\/\/meier-gerdingh.de\/wp-spd-ob\/?p=6859"},"modified":"2019-12-08T19:46:09","modified_gmt":"2019-12-08T18:46:09","slug":"oberhausen-nach-unten-durchgereicht","status":"publish","type":"post","link":"https:\/\/meier-gerdingh.de\/wp-spd-ob\/2019\/12\/05\/oberhausen-nach-unten-durchgereicht\/","title":{"rendered":"Oberhausen nach unten durchgereicht"},"content":{"rendered":"<div id=\"attachment_5285\" style=\"width: 190px\" class=\"wp-caption alignleft\"><a href=\"https:\/\/meier-gerdingh.de\/wp-spd-ob\/wp-content\/uploads\/2018\/06\/14_bongers_sonja_1000.jpg\"><img aria-describedby=\"caption-attachment-5285\" decoding=\"async\" class=\"size-full wp-image-5285\" src=\"https:\/\/meier-gerdingh.de\/wp-spd-ob\/wp-content\/uploads\/2018\/06\/14_bongers_sonja.jpg\" alt=\"\" width=\"180\" height=\"180\" srcset=\"https:\/\/meier-gerdingh.de\/wp-spd-ob\/wp-content\/uploads\/2018\/06\/14_bongers_sonja.jpg 180w, https:\/\/meier-gerdingh.de\/wp-spd-ob\/wp-content\/uploads\/2018\/06\/14_bongers_sonja-150x150.jpg 150w\" sizes=\"(max-width: 180px) 100vw, 180px\" \/><\/a><p id=\"caption-attachment-5285\" class=\"wp-caption-text\">Sonja Bongers ist Vorsitzende der SPD-Ratsfraktion und Mitglied des Landtags von Nordrhein-Westfalen<\/p><\/div>\n<p>Die Zukunftsf\u00e4higkeit des Wirtschaftsstandortes Oberhausen will die SPD-Ratsfraktion in der kommenden Sitzung des Hauptausschusses diskutieren. &#8222;Die Situation ist, wie j\u00fcngste Erhebungen zeigen, nicht nur schlecht, sie ist dramatisch&#8220;, erkl\u00e4rt die SPD-Fraktionsvorsitzende Sonja Bongers. &#8222;Wir wollen von Oberb\u00fcrgermeister Schranz endlich h\u00f6ren, ob es einen Plan gibt, Oberhausen f\u00fcr die digitale Zukunft aufzustellen. Die Zeit dr\u00e4ngt.&#8220;<!--more--><\/p>\n<p>Gleich mehrere Rankings und Untersuchungen zur digitalen Aufstellung der Stadt begr\u00fcnden die Sorgen der Sozialdemokraten. &#8222;Anfang des Jahres hat J\u00fcrgen Koch, Gesch\u00e4ftsf\u00fchrer der Arbeitsagentur, gewarnt, dass die IT-Branche in Oberhausen massiv unterrepr\u00e4sentiert ist, die Stadt ein Forschungszentrum mit Platz f\u00fcr Start-ups brauche. Rasmus Beck, Chef der Wirtschaftsf\u00f6rderung Ruhr, sieht das ebenfalls so. Passiert ist allerdings nichts&#8220;, res\u00fcmiert Sonja Bongers.<\/p>\n<p>Die Tatenlosigkeit auf den Feldern, die die Zukunft bedeuten, wird mittlerweile auch jenseits der Stadtgrenzen registriert, Oberhausen bekommt die Quittungen. Erst im Oktober landete die Stadt auf dem letzten Platz aller Ruhrgebietsst\u00e4dte beim &#8222;Smart City Index&#8220; des Digitalbranchen-Verbandes Bitkom.<\/p>\n<p>Das &#8222;St\u00e4dteranking 2019&#8220;, eine seit Jahren vielbeachtete Studie des Instituts der Deutschen Wirtschaft gemeinsam mit der Wirtschaftszeitschrift &#8222;Wirtschaftswoche&#8220; und dem Immobilien-Onlineportal &#8222;Immobilienscout 24&#8220;, deckt die fatalen Entwicklungen in Oberhausen einmal mehr auf: Hier werden 71 deutsche Gro\u00dfst\u00e4dte genauestens unter die Lupe genommen. Die Experten vergleichen den Status Quo beim Niveauranking, die Entwicklung einer Stadt und ihre Zukunftsf\u00e4higkeit.<\/p>\n<p>&#8222;Dass Oberhausen bei all den Problemen, die im Strukturwandel begr\u00fcndet sind, mit vielen anderen Kommunen nicht mithalten kann und dass noch viel zu tun ist, erkennen wir an&#8220;, so Sonja Bongers. &#8222;Mit Unt\u00e4tigkeit wollen wir uns aber nicht abfinden.&#8220;<\/p>\n<p>Besonders der Blick auf das Dynamikranking der Studie tut aus Oberhausener Sicht richtig weh: Es basiert auf Ver\u00e4nderungswerten von 36 Einzelindikatoren in einem F\u00fcnfjahreszeitraum aus den Bereichen Arbeit, Wirtschaft, Immobilien und Lebensqualit\u00e4t. Dieses Ranking zeigt also die Entwicklung einer Stadt in den vergangenen f\u00fcnf Jahren \u2013 ganz unabh\u00e4ngig von ihrer Ausgangslage. Und ausgerechnet da hat Oberhausen vier Pl\u00e4tze eingeb\u00fc\u00dft und landet auf Rang 68 von 71; Krefeld, Bremerhaven, Gelsenkirchen und Herne sind vorbeigezogen.<\/p>\n<p>Beim Zukunftsindex, der die Aufstellung einer Stadt f\u00fcr die Digital- und Kreativwirtschaft beurteilt, sieht es ebenfalls mau aus: Platz 66 f\u00fcr Oberhausen, es ging um einen Platz nach unten. Schlechter sehen die Analysten nur noch f\u00fcnf andere Ruhrgebietskommunen aufgestellt<\/p>\n<p>&#8222;Der &#8218;Masterplan Wirtschaft&#8216; soll bis zum Fr\u00fchjahr entstehen, eine neue &#8218;Dynamikranking, Smart-City-Strategie&#8216; laut Dezernent G\u00fcldenzopf bis Sommer&#8220;, erkl\u00e4rt Sonja Bongers. &#8222;Davon abgesehen, dass die Fertigstellung dieser Pl\u00e4ne verbl\u00fcffend nahe am Kommunalwahltermin liegt, m\u00f6chten wir wissen, warum die letzten vier Jahre offenkundig wenig bis nichts f\u00fcr die Zukunftsf\u00e4higkeit unserer Stadt geschehen ist&#8220;, so die Fraktionschefin der SPD. &#8222;Und was noch wichtiger ist: Wann und wie stellt sich Oberhausen endlich zukunftsf\u00e4hig auf?&#8220;<\/p>\n","protected":false},"excerpt":{"rendered":"<p>Die Zukunftsf\u00e4higkeit des Wirtschaftsstandortes Oberhausen will die SPD-Ratsfraktion in der kommenden Sitzung des Hauptausschusses diskutieren. &#8222;Die Situation ist, wie j\u00fcngste Erhebungen zeigen, nicht nur schlecht, sie ist dramatisch&#8220;, erkl\u00e4rt die&hellip; <\/p>\n","protected":false},"author":1,"featured_media":0,"comment_status":"closed","ping_status":"closed","sticky":false,"template":"","format":"standard","meta":{"footnotes":""},"categories":[16,311],"tags":[2142,1486,1100,2143,2146,2140,2144,1555,2145,2147,2141],"quellen":[326],"class_list":["post-6859","post","type-post","status-publish","format-standard","hentry","category-stadtentwicklung","category-wirtschaft","tag-arbeitsagentur","tag-digitalisierung","tag-hauptausschuss","tag-immobilien","tag-immobilienscout-24","tag-kreativwirtschaft","tag-lebensqualitaet","tag-ruhrgebietsstaedte","tag-smart-city-index","tag-wirtschaftsfoerderung-ruhr","tag-zukunftsindex","quellen-spd-fraktion-oberhausen"],"_links":{"self":[{"href":"https:\/\/meier-gerdingh.de\/wp-spd-ob\/wp-json\/wp\/v2\/posts\/6859","targetHints":{"allow":["GET"]}}],"collection":[{"href":"https:\/\/meier-gerdingh.de\/wp-spd-ob\/wp-json\/wp\/v2\/posts"}],"about":[{"href":"https:\/\/meier-gerdingh.de\/wp-spd-ob\/wp-json\/wp\/v2\/types\/post"}],"author":[{"embeddable":true,"href":"https:\/\/meier-gerdingh.de\/wp-spd-ob\/wp-json\/wp\/v2\/users\/1"}],"replies":[{"embeddable":true,"href":"https:\/\/meier-gerdingh.de\/wp-spd-ob\/wp-json\/wp\/v2\/comments?post=6859"}],"version-history":[{"count":0,"href":"https:\/\/meier-gerdingh.de\/wp-spd-ob\/wp-json\/wp\/v2\/posts\/6859\/revisions"}],"wp:attachment":[{"href":"https:\/\/meier-gerdingh.de\/wp-spd-ob\/wp-json\/wp\/v2\/media?parent=6859"}],"wp:term":[{"taxonomy":"category","embeddable":true,"href":"https:\/\/meier-gerdingh.de\/wp-spd-ob\/wp-json\/wp\/v2\/categories?post=6859"},{"taxonomy":"post_tag","embeddable":true,"href":"https:\/\/meier-gerdingh.de\/wp-spd-ob\/wp-json\/wp\/v2\/tags?post=6859"},{"taxonomy":"quellen","embeddable":true,"href":"https:\/\/meier-gerdingh.de\/wp-spd-ob\/wp-json\/wp\/v2\/quellen?post=6859"}],"curies":[{"name":"wp","href":"https:\/\/api.w.org\/{rel}","templated":true}]}}