{"id":6860,"date":"2019-12-06T07:51:04","date_gmt":"2019-12-06T06:51:04","guid":{"rendered":"https:\/\/meier-gerdingh.de\/wp-spd-ob\/?p=6860"},"modified":"2019-12-10T07:53:09","modified_gmt":"2019-12-10T06:53:09","slug":"hochbordradwege-sollen-weg-schlechte-radwege-bleiben","status":"publish","type":"post","link":"https:\/\/meier-gerdingh.de\/wp-spd-ob\/2019\/12\/06\/hochbordradwege-sollen-weg-schlechte-radwege-bleiben\/","title":{"rendered":"Hochbordradwege sollen weg, schlechte Radwege bleiben"},"content":{"rendered":"<div id=\"attachment_5398\" style=\"width: 190px\" class=\"wp-caption alignleft\"><a href=\"https:\/\/meier-gerdingh.de\/wp-spd-ob\/wp-content\/uploads\/2018\/07\/14_real_ulrich_1000.jpg\"><img aria-describedby=\"caption-attachment-5398\" decoding=\"async\" class=\"size-full wp-image-5398\" src=\"https:\/\/meier-gerdingh.de\/wp-spd-ob\/wp-content\/uploads\/2018\/07\/14_real_ulrich.jpg\" alt=\"\" width=\"180\" height=\"180\" srcset=\"https:\/\/meier-gerdingh.de\/wp-spd-ob\/wp-content\/uploads\/2018\/07\/14_real_ulrich.jpg 180w, https:\/\/meier-gerdingh.de\/wp-spd-ob\/wp-content\/uploads\/2018\/07\/14_real_ulrich-150x150.jpg 150w\" sizes=\"(max-width: 180px) 100vw, 180px\" \/><\/a><p id=\"caption-attachment-5398\" class=\"wp-caption-text\">Ulrich Real ist Bezirksb\u00fcrgermeister von Sterkrade und planungspolitischer Sprecher der SPD-Ratsfraktion<\/p><\/div>\n<p>F\u00fcr v\u00f6llig unn\u00f6tig hatte die SPD-Ratsfraktion einen \u00c4nderungsantrag der Gr\u00fcnen zum Haushalt befunden, doch die Mehrheit des Rates hat diesem zugestimmt. Er sieht vor, dass f\u00fcr den Um- und R\u00fcckbau nicht benutzungspflichtiger Hochbordradwege in den n\u00e4chsten f\u00fcnf Jahren finanzielle Mittel einzuplanen sind, im Haushaltsjahr 2020 bereits 100.000 Euro. Im Zweifel k\u00f6nnten nun also intakte Hochbordradwege, die von manchem Radfahrer ja gerne genutzt und sogar bevorzugt werden, zur\u00fcckgebaut werden, um den Radverkehr auf die Fahrbahn zu leiten.<!--more--><\/p>\n<p>&#8222;Es gibt seit etlichen Jahren eine lebhafte Diskussion dar\u00fcber, ob Hochbordradwege oder Radwege auf der Stra\u00dfe sicherer sind f\u00fcr Radfahrer&#8220;, erkl\u00e4rt Ulrich Real, planungspolitischer Sprecher der SPD-Ratsfraktion. &#8222;Doch \u00fcber eine Sache d\u00fcrften wir uns doch einig sein in Oberhausen: Wir haben zu viele schlechte Radwege. Unserer Ansicht nach w\u00e4re das Geld besser in deren Ert\u00fcchtigung geflossen&#8220;, erkl\u00e4rt Real. &#8222;Schade, dass das eine Mehrheit des Rates inklusive der CDU anders gesehen hat.&#8220;<\/p>\n","protected":false},"excerpt":{"rendered":"<p>F\u00fcr v\u00f6llig unn\u00f6tig hatte die SPD-Ratsfraktion einen \u00c4nderungsantrag der Gr\u00fcnen zum Haushalt befunden, doch die Mehrheit des Rates hat diesem zugestimmt. Er sieht vor, dass f\u00fcr den Um- und R\u00fcckbau&hellip; <\/p>\n","protected":false},"author":1,"featured_media":0,"comment_status":"closed","ping_status":"closed","sticky":false,"template":"","format":"standard","meta":{"footnotes":""},"categories":[27],"tags":[2120,2149,2148,1408,2150,1137],"quellen":[326],"class_list":["post-6860","post","type-post","status-publish","format-standard","hentry","category-planen-bauen-wohnen-verkehr","tag-haushalt-2020","tag-haushaltsantrag","tag-hochbordradwege","tag-mobilitaet","tag-radfahrer","tag-radwege","quellen-spd-fraktion-oberhausen"],"_links":{"self":[{"href":"https:\/\/meier-gerdingh.de\/wp-spd-ob\/wp-json\/wp\/v2\/posts\/6860","targetHints":{"allow":["GET"]}}],"collection":[{"href":"https:\/\/meier-gerdingh.de\/wp-spd-ob\/wp-json\/wp\/v2\/posts"}],"about":[{"href":"https:\/\/meier-gerdingh.de\/wp-spd-ob\/wp-json\/wp\/v2\/types\/post"}],"author":[{"embeddable":true,"href":"https:\/\/meier-gerdingh.de\/wp-spd-ob\/wp-json\/wp\/v2\/users\/1"}],"replies":[{"embeddable":true,"href":"https:\/\/meier-gerdingh.de\/wp-spd-ob\/wp-json\/wp\/v2\/comments?post=6860"}],"version-history":[{"count":0,"href":"https:\/\/meier-gerdingh.de\/wp-spd-ob\/wp-json\/wp\/v2\/posts\/6860\/revisions"}],"wp:attachment":[{"href":"https:\/\/meier-gerdingh.de\/wp-spd-ob\/wp-json\/wp\/v2\/media?parent=6860"}],"wp:term":[{"taxonomy":"category","embeddable":true,"href":"https:\/\/meier-gerdingh.de\/wp-spd-ob\/wp-json\/wp\/v2\/categories?post=6860"},{"taxonomy":"post_tag","embeddable":true,"href":"https:\/\/meier-gerdingh.de\/wp-spd-ob\/wp-json\/wp\/v2\/tags?post=6860"},{"taxonomy":"quellen","embeddable":true,"href":"https:\/\/meier-gerdingh.de\/wp-spd-ob\/wp-json\/wp\/v2\/quellen?post=6860"}],"curies":[{"name":"wp","href":"https:\/\/api.w.org\/{rel}","templated":true}]}}