{"id":6861,"date":"2019-12-09T12:53:13","date_gmt":"2019-12-09T11:53:13","guid":{"rendered":"https:\/\/meier-gerdingh.de\/wp-spd-ob\/?p=6861"},"modified":"2019-12-10T08:28:10","modified_gmt":"2019-12-10T07:28:10","slug":"start-der-baumassnahme-in-2020","status":"publish","type":"post","link":"https:\/\/meier-gerdingh.de\/wp-spd-ob\/2019\/12\/09\/start-der-baumassnahme-in-2020\/","title":{"rendered":"Start der Bauma\u00dfnahme in 2020?"},"content":{"rendered":"<div id=\"attachment_6862\" style=\"width: 730px\" class=\"wp-caption aligncenter\"><a href=\"https:\/\/meier-gerdingh.de\/wp-spd-ob\/wp-content\/uploads\/2019\/12\/polizeipraesidium-ob-sanierung-lg.jpg\"><img aria-describedby=\"caption-attachment-6862\" decoding=\"async\" class=\"size-full wp-image-6862\" src=\"https:\/\/meier-gerdingh.de\/wp-spd-ob\/wp-content\/uploads\/2019\/12\/polizeipraesidium-ob-sanierung.jpg\" alt=\"\" width=\"720\" height=\"313\" srcset=\"https:\/\/meier-gerdingh.de\/wp-spd-ob\/wp-content\/uploads\/2019\/12\/polizeipraesidium-ob-sanierung.jpg 720w, https:\/\/meier-gerdingh.de\/wp-spd-ob\/wp-content\/uploads\/2019\/12\/polizeipraesidium-ob-sanierung-300x130.jpg 300w\" sizes=\"(max-width: 720px) 100vw, 720px\" \/><\/a><p id=\"caption-attachment-6862\" class=\"wp-caption-text\">Die Sanierung des Polizeipr\u00e4sidiums Oberhausen kommt seit Jahren nur sehr schleppend voran<\/p><\/div>\n<p>&#8222;Es bleibt weiterhin unklar, wann sich die Arbeitsbedingungen der Oberhausener Polizei endlich verbessern&#8220;, \u00e4rgert sich Stefan Zimkeit. Der SPD-Abgeordnete wollte von der Landesregierung wissen, wann es mit der Sanierung des Polizeipr\u00e4sidiums weitergeht. Doch nach der Beantwortung der kleinen Anfrage ist Zimkeit auch nicht viel schlauer. &#8222;Es k\u00f6nnte im Jahr 2020 begonnen werden&#8220;, zitiert er die im Konjunktiv gehaltene Antwort des NRW-Finanzministeriums, &#8222;unmittelbar in Anschluss an die Umz\u00fcge in die Interimsfl\u00e4chen&#8220;.<\/p>\n<p>Mit dieser &#8222;nichtssagenden&#8220; Auskunft werde ignoriert, dass die r\u00e4umliche Unterbringung der Oberhausener Polizei kaum noch hinnehmbar ist, kritisiert Stefan Zimkeit. &#8222;Es ist nach dem ewigen Stillstand der Sanierungsarbeiten unzumutbar, dass es immer noch keinen wirklichen Terminplan gibt.&#8220;<!--more--><\/p>\n<p>Die Fertigstellung der Sanierung und des Anbaus am Friedensplatz werde &#8222;nach derzeitigem Planungsstand&#8220; f\u00fcr 2024 erwartet. &#8222;Bei den Kosten h\u00e4lt sich Landesregierung bedeckt und spricht von einem &#8218;mittleren zweistelligen Millionenbetrag'&#8220;, so der SPD-Finanzexperte.<\/p>\n<p>Stefan Zimkeit begr\u00fc\u00dft es, dass das Geb\u00e4ude am Friedensplatz auf absehbare Zeit weiterhin ein eigenst\u00e4ndiges Polizeipr\u00e4sidium beherbergen wird. &#8222;Alle \u00dcberlegungen, das Polizeipr\u00e4sidium aus der City raus zu verlagern oder gar mit einer Nachbarstadt zu fusionieren, sind vom Tisch.&#8220;<\/p>\n","protected":false},"excerpt":{"rendered":"<p>&#8222;Es bleibt weiterhin unklar, wann sich die Arbeitsbedingungen der Oberhausener Polizei endlich verbessern&#8220;, \u00e4rgert sich Stefan Zimkeit. Der SPD-Abgeordnete wollte von der Landesregierung wissen, wann es mit der Sanierung des&hellip; <\/p>\n","protected":false},"author":1,"featured_media":0,"comment_status":"closed","ping_status":"closed","sticky":false,"template":"","format":"standard","meta":{"footnotes":""},"categories":[216,7],"tags":[839,135,498,501],"quellen":[331],"class_list":["post-6861","post","type-post","status-publish","format-standard","hentry","category-land","category-sicherheit","tag-friedensplatz","tag-kleine-anfrage","tag-polizei-oberhausen","tag-polizeipraesidium-oberhausen","quellen-mdl-stefan-zimkeit"],"_links":{"self":[{"href":"https:\/\/meier-gerdingh.de\/wp-spd-ob\/wp-json\/wp\/v2\/posts\/6861","targetHints":{"allow":["GET"]}}],"collection":[{"href":"https:\/\/meier-gerdingh.de\/wp-spd-ob\/wp-json\/wp\/v2\/posts"}],"about":[{"href":"https:\/\/meier-gerdingh.de\/wp-spd-ob\/wp-json\/wp\/v2\/types\/post"}],"author":[{"embeddable":true,"href":"https:\/\/meier-gerdingh.de\/wp-spd-ob\/wp-json\/wp\/v2\/users\/1"}],"replies":[{"embeddable":true,"href":"https:\/\/meier-gerdingh.de\/wp-spd-ob\/wp-json\/wp\/v2\/comments?post=6861"}],"version-history":[{"count":0,"href":"https:\/\/meier-gerdingh.de\/wp-spd-ob\/wp-json\/wp\/v2\/posts\/6861\/revisions"}],"wp:attachment":[{"href":"https:\/\/meier-gerdingh.de\/wp-spd-ob\/wp-json\/wp\/v2\/media?parent=6861"}],"wp:term":[{"taxonomy":"category","embeddable":true,"href":"https:\/\/meier-gerdingh.de\/wp-spd-ob\/wp-json\/wp\/v2\/categories?post=6861"},{"taxonomy":"post_tag","embeddable":true,"href":"https:\/\/meier-gerdingh.de\/wp-spd-ob\/wp-json\/wp\/v2\/tags?post=6861"},{"taxonomy":"quellen","embeddable":true,"href":"https:\/\/meier-gerdingh.de\/wp-spd-ob\/wp-json\/wp\/v2\/quellen?post=6861"}],"curies":[{"name":"wp","href":"https:\/\/api.w.org\/{rel}","templated":true}]}}