{"id":6868,"date":"2019-12-13T17:23:28","date_gmt":"2019-12-13T16:23:28","guid":{"rendered":"https:\/\/meier-gerdingh.de\/wp-spd-ob\/?p=6868"},"modified":"2019-12-13T17:24:27","modified_gmt":"2019-12-13T16:24:27","slug":"nichtbeachtung-der-gso-ist-nicht-nachvollziehbar","status":"publish","type":"post","link":"https:\/\/meier-gerdingh.de\/wp-spd-ob\/2019\/12\/13\/nichtbeachtung-der-gso-ist-nicht-nachvollziehbar\/","title":{"rendered":"Nichtbeachtung der GSO ist nicht nachvollziehbar"},"content":{"rendered":"<div id=\"attachment_1481\" style=\"width: 150px\" class=\"wp-caption alignleft\"><a href=\"https:\/\/meier-gerdingh.de\/wp-spd-ob\/wp-content\/uploads\/krey_thomas_14_1000.jpg\"><img aria-describedby=\"caption-attachment-1481\" decoding=\"async\" class=\"size-full wp-image-1481\" src=\"https:\/\/meier-gerdingh.de\/wp-spd-ob\/wp-content\/uploads\/krey_thomas_14.jpg\" alt=\"\" width=\"140\" height=\"169\" \/><\/a><p id=\"caption-attachment-1481\" class=\"wp-caption-text\">Thomas Krey ist Mitglied des Rates der Stadt und Bezirksb\u00fcrgermeister von Osterfeld<\/p><\/div>\n<p>Mit gro\u00dfer Entt\u00e4uschung hat der Osterfelder Bezirksb\u00fcrgermeister und SPD-Stadtverordnete Thomas Krey die Nachricht aufgenommen, dass die Gesamtschule Osterfeld (GSO) nicht eine der so genannten &#8222;Talentschulen&#8220; in NRW wird.<\/p>\n<p>&#8222;Von der grunds\u00e4tzlichen Problematik abgesehen, dass bestm\u00f6gliche F\u00f6rderung von Sch\u00fclerinnen und Sch\u00fclern nicht auf 60 Schulen im ganzen Land begrenzt sein darf, ist die Entscheidung von Schulministerin Yvonne Gebauer ein schwerer Schlag f\u00fcr die GSO und den Bildungsstandort Osterfeld&#8220;, erkl\u00e4rt Krey.<!--more--><\/p>\n<p>&#8222;Laut Frau Gebauer k\u00e4men wir unserem Ziel n\u00e4her, Kinder unabh\u00e4ngig von ihrer Herkunft Chancen auf eine erfolgreiche Bildungskarriere zu erm\u00f6glichen. Dieses Streben wird mit der Entscheidung gegen die GSO jedenfalls konterkariert&#8220;, so der Osterfelder Bezirksb\u00fcrgermeister, der weder der Fasia-Jansen-Gesamtschule noch dem Hans-Sachs-Berufskolleg die Teilnahme an dem Programm neidet.<\/p>\n<p>&#8222;Es erschlie\u00dft sich mir bei allen Herausforderungen, vor denen die Lehrkr\u00e4fte sowie P\u00e4dagoginnen und P\u00e4dagogen der GSO stehen, jedoch nicht, wie solch eine Entscheidung gegen diese Schule getroffen werden kann&#8220;, so Krey.<\/p>\n","protected":false},"excerpt":{"rendered":"<p>Mit gro\u00dfer Entt\u00e4uschung hat der Osterfelder Bezirksb\u00fcrgermeister und SPD-Stadtverordnete Thomas Krey die Nachricht aufgenommen, dass die Gesamtschule Osterfeld (GSO) nicht eine der so genannten &#8222;Talentschulen&#8220; in NRW wird. &#8222;Von der&hellip; <\/p>\n","protected":false},"author":1,"featured_media":0,"comment_status":"closed","ping_status":"closed","sticky":false,"template":"","format":"standard","meta":{"footnotes":""},"categories":[231,216],"tags":[2157,1393,41,2151],"quellen":[326],"class_list":["post-6868","post","type-post","status-publish","format-standard","hentry","category-bildung","category-land","tag-gesamtschule-oberhausen","tag-gso","tag-osterfeld","tag-talentschulen","quellen-spd-fraktion-oberhausen"],"_links":{"self":[{"href":"https:\/\/meier-gerdingh.de\/wp-spd-ob\/wp-json\/wp\/v2\/posts\/6868","targetHints":{"allow":["GET"]}}],"collection":[{"href":"https:\/\/meier-gerdingh.de\/wp-spd-ob\/wp-json\/wp\/v2\/posts"}],"about":[{"href":"https:\/\/meier-gerdingh.de\/wp-spd-ob\/wp-json\/wp\/v2\/types\/post"}],"author":[{"embeddable":true,"href":"https:\/\/meier-gerdingh.de\/wp-spd-ob\/wp-json\/wp\/v2\/users\/1"}],"replies":[{"embeddable":true,"href":"https:\/\/meier-gerdingh.de\/wp-spd-ob\/wp-json\/wp\/v2\/comments?post=6868"}],"version-history":[{"count":0,"href":"https:\/\/meier-gerdingh.de\/wp-spd-ob\/wp-json\/wp\/v2\/posts\/6868\/revisions"}],"wp:attachment":[{"href":"https:\/\/meier-gerdingh.de\/wp-spd-ob\/wp-json\/wp\/v2\/media?parent=6868"}],"wp:term":[{"taxonomy":"category","embeddable":true,"href":"https:\/\/meier-gerdingh.de\/wp-spd-ob\/wp-json\/wp\/v2\/categories?post=6868"},{"taxonomy":"post_tag","embeddable":true,"href":"https:\/\/meier-gerdingh.de\/wp-spd-ob\/wp-json\/wp\/v2\/tags?post=6868"},{"taxonomy":"quellen","embeddable":true,"href":"https:\/\/meier-gerdingh.de\/wp-spd-ob\/wp-json\/wp\/v2\/quellen?post=6868"}],"curies":[{"name":"wp","href":"https:\/\/api.w.org\/{rel}","templated":true}]}}