{"id":6875,"date":"2019-12-20T14:50:40","date_gmt":"2019-12-20T13:50:40","guid":{"rendered":"https:\/\/meier-gerdingh.de\/wp-spd-ob\/?p=6875"},"modified":"2019-12-20T17:53:15","modified_gmt":"2019-12-20T16:53:15","slug":"schwere-niederlage-fuer-schwarz-gelbe-landesregierung","status":"publish","type":"post","link":"https:\/\/meier-gerdingh.de\/wp-spd-ob\/2019\/12\/20\/schwere-niederlage-fuer-schwarz-gelbe-landesregierung\/","title":{"rendered":"Schwere Niederlage f\u00fcr schwarz-gelbe Landesregierung"},"content":{"rendered":"<p>Die SPD-Abgeordneten Sonja Bongers und Stefan Zimkeit freuen sich, dass der NRW-Verfassungsgerichtshof auf Antrag der Landtagsfraktionen von SPD und Gr\u00fcnen entschieden hat, dass die Abschaffung der Oberb\u00fcrgermeister-Stichwahl verfassungswidrig ist. <\/p>\n<p>&#8222;Das ist ein Sieg f\u00fcr die Demokratie&#8220;, betont Sonja Bongers, die rechtspolitische Sprecherin der SPD-Landtagsfraktion ist. &#8222;Insbesondere die CDU wollte aus machttaktischen Gr\u00fcnden auf eine Stichwahl verzichten, um ihre Kandidaten bereits im ersten Wahlgang ohne wirkliche Mehrheit durchzusetzen.&#8220; Dem habe das Verfassungsgericht nun einen Riegel vorgeschoben, stellt Ratsfraktionschefin Bongers fest.<!--more--><\/p>\n<p>&#8222;Angesichts der Zersplitterung der Parteienlandschaft w\u00e4ren vielerorts Kandidaten gew\u00e4hlt worden, die kaum mehr als ein Viertel aller Stimmen erhalten&#8220;, sagt Stefan Zimkeit. &#8222;Damit w\u00fcrde ihnen jede demokratische Legitimierung fehlen. CDU und FDP gingen bei ihrem Versuch, das Wahlrecht zu manipulieren, sogar das Risiko ein, dass rechtsextreme AfD-Kandidaturen zum Zuge gekommen w\u00e4ren.&#8220;<\/p>\n","protected":false},"excerpt":{"rendered":"<p>Die SPD-Abgeordneten Sonja Bongers und Stefan Zimkeit freuen sich, dass der NRW-Verfassungsgerichtshof auf Antrag der Landtagsfraktionen von SPD und Gr\u00fcnen entschieden hat, dass die Abschaffung der Oberb\u00fcrgermeister-Stichwahl verfassungswidrig ist. &#8222;Das&hellip; <\/p>\n","protected":false},"author":1,"featured_media":0,"comment_status":"closed","ping_status":"closed","sticky":false,"template":"","format":"standard","meta":{"footnotes":""},"categories":[216,178],"tags":[151,2162,2163,2164,961,1894],"quellen":[1317,331],"class_list":["post-6875","post","type-post","status-publish","format-standard","hentry","category-land","category-wahlen","tag-kommunalwahl","tag-nrw-verfassungsgerichtshof","tag-oberbuergermeister-stichwahl","tag-oberbuergermeister-wahl","tag-spd-landtagsfraktion","tag-stichwahl","quellen-mdl-sonja-bongers","quellen-mdl-stefan-zimkeit"],"_links":{"self":[{"href":"https:\/\/meier-gerdingh.de\/wp-spd-ob\/wp-json\/wp\/v2\/posts\/6875","targetHints":{"allow":["GET"]}}],"collection":[{"href":"https:\/\/meier-gerdingh.de\/wp-spd-ob\/wp-json\/wp\/v2\/posts"}],"about":[{"href":"https:\/\/meier-gerdingh.de\/wp-spd-ob\/wp-json\/wp\/v2\/types\/post"}],"author":[{"embeddable":true,"href":"https:\/\/meier-gerdingh.de\/wp-spd-ob\/wp-json\/wp\/v2\/users\/1"}],"replies":[{"embeddable":true,"href":"https:\/\/meier-gerdingh.de\/wp-spd-ob\/wp-json\/wp\/v2\/comments?post=6875"}],"version-history":[{"count":0,"href":"https:\/\/meier-gerdingh.de\/wp-spd-ob\/wp-json\/wp\/v2\/posts\/6875\/revisions"}],"wp:attachment":[{"href":"https:\/\/meier-gerdingh.de\/wp-spd-ob\/wp-json\/wp\/v2\/media?parent=6875"}],"wp:term":[{"taxonomy":"category","embeddable":true,"href":"https:\/\/meier-gerdingh.de\/wp-spd-ob\/wp-json\/wp\/v2\/categories?post=6875"},{"taxonomy":"post_tag","embeddable":true,"href":"https:\/\/meier-gerdingh.de\/wp-spd-ob\/wp-json\/wp\/v2\/tags?post=6875"},{"taxonomy":"quellen","embeddable":true,"href":"https:\/\/meier-gerdingh.de\/wp-spd-ob\/wp-json\/wp\/v2\/quellen?post=6875"}],"curies":[{"name":"wp","href":"https:\/\/api.w.org\/{rel}","templated":true}]}}