{"id":6881,"date":"2020-01-09T10:55:22","date_gmt":"2020-01-09T09:55:22","guid":{"rendered":"https:\/\/meier-gerdingh.de\/wp-spd-ob\/?p=6881"},"modified":"2020-01-16T10:57:42","modified_gmt":"2020-01-16T09:57:42","slug":"lah-zuspruch-bestaetigt-spd-in-ihrer-ratsentscheidung","status":"publish","type":"post","link":"https:\/\/meier-gerdingh.de\/wp-spd-ob\/2020\/01\/09\/lah-zuspruch-bestaetigt-spd-in-ihrer-ratsentscheidung\/","title":{"rendered":"LAH-Zuspruch best\u00e4tigt SPD in ihrer Ratsentscheidung"},"content":{"rendered":"<div id=\"attachment_5396\" style=\"width: 190px\" class=\"wp-caption alignleft\"><a href=\"https:\/\/meier-gerdingh.de\/wp-spd-ob\/wp-content\/uploads\/2018\/07\/14_flore_manfred_1000.jpg\"><img aria-describedby=\"caption-attachment-5396\" decoding=\"async\" class=\"size-full wp-image-5396\" src=\"https:\/\/meier-gerdingh.de\/wp-spd-ob\/wp-content\/uploads\/2018\/07\/14_flore_manfred.jpg\" alt=\"\" width=\"180\" height=\"180\" srcset=\"https:\/\/meier-gerdingh.de\/wp-spd-ob\/wp-content\/uploads\/2018\/07\/14_flore_manfred.jpg 180w, https:\/\/meier-gerdingh.de\/wp-spd-ob\/wp-content\/uploads\/2018\/07\/14_flore_manfred-150x150.jpg 150w\" sizes=\"(max-width: 180px) 100vw, 180px\" \/><\/a><p id=\"caption-attachment-5396\" class=\"wp-caption-text\">Manfred Flore ist umwelt- und kulturpolitischer Sprecher der SPD-Ratsfraktion<\/p><\/div>\n<p>Erfreut hat die SPD-Ratsfraktion die guten Nachrichten rund um die Luise-Albertz-Halle in den vergangenen Tagen registriert. So kehrt der &#8222;Rheinische Fr\u00fchschoppen&#8220; in die LAH zur\u00fcck und auch zur &#8222;B\u00e4rensitzung&#8220; sind Oberhausens N\u00e4rrinnen und Narren an der D\u00fcppelstra\u00dfe willkommen. Im Herbst wird Schlagers\u00e4ngerin Vanessa Mai dort ihr Publikum begeistern.<\/p>\n<p>&#8222;Mit einer ausverkauften Halle beim Neujahrskonzert des Sinfonieorchesters Ruhr unter der Leitung unseres Musikschulleiters Volker Buchloh hatte die LAH bereits einen tollen Start ins Jahr&#8220;, freut sich der kulturpolitische Sprecher der SPD-Fraktion, Manfred Flore.<!--more--><\/p>\n<p>Neben Kabarett- und Comedyk\u00fcnstlern wie Johann K\u00f6nig und dem f\u00fcr den Karneval wichtigen Prinzenempfang, dem Musical &#8222;Die Sch\u00f6ne und das Biest&#8220; sowie den st\u00e4dtischen Sinfoniekonzerten werde in der Halle ein buntes Kulturprogramm geboten, das im harten Wettbewerb der Veranstaltungsorte im Ruhrgebiet bestehen k\u00f6nne.<\/p>\n<p>&#8222;Neben dem Theater, der Arena, dem Ebertbad und zahlreichen weiteren, kleinen Veranstaltungsorten ist die Luise-Albertz-Halle ein herausragender Ort f\u00fcr das kulturelle Leben und das gesellschaftliche Miteinander in dieser Stadt&#8220;, so Flore.<\/p>\n<p>Die SPD-Fraktionsvorsitzende und LAH-Aufsichtsratsvorsitzende Sonja Bongers sieht in dieser Entwicklung eine Best\u00e4tigung f\u00fcr die Entscheidung der Sozialdemokraten, dem Betreibervertrag mit SMG im Rat nicht zugestimmt zu haben. &#8222;Wie die aktuelle Entwicklung zeigt, ist die LAH nat\u00fcrlich wettbewerbsf\u00e4hig. Sie hat ein starkes Fundament, auf dem eine neue Gesch\u00e4ftsf\u00fchrung sehr gut aufbauen kann&#8220;, so die Fraktionschefin.<\/p>\n","protected":false},"excerpt":{"rendered":"<p>Erfreut hat die SPD-Ratsfraktion die guten Nachrichten rund um die Luise-Albertz-Halle in den vergangenen Tagen registriert. So kehrt der &#8222;Rheinische Fr\u00fchschoppen&#8220; in die LAH zur\u00fcck und auch zur &#8222;B\u00e4rensitzung&#8220; sind&hellip; <\/p>\n","protected":false},"author":1,"featured_media":0,"comment_status":"closed","ping_status":"closed","sticky":false,"template":"","format":"standard","meta":{"footnotes":""},"categories":[40],"tags":[2167,1099,2168],"quellen":[326],"class_list":["post-6881","post","type-post","status-publish","format-standard","hentry","category-kultur","tag-betreibervertrag-lah","tag-luise-albertz-halle","tag-smg","quellen-spd-fraktion-oberhausen"],"_links":{"self":[{"href":"https:\/\/meier-gerdingh.de\/wp-spd-ob\/wp-json\/wp\/v2\/posts\/6881","targetHints":{"allow":["GET"]}}],"collection":[{"href":"https:\/\/meier-gerdingh.de\/wp-spd-ob\/wp-json\/wp\/v2\/posts"}],"about":[{"href":"https:\/\/meier-gerdingh.de\/wp-spd-ob\/wp-json\/wp\/v2\/types\/post"}],"author":[{"embeddable":true,"href":"https:\/\/meier-gerdingh.de\/wp-spd-ob\/wp-json\/wp\/v2\/users\/1"}],"replies":[{"embeddable":true,"href":"https:\/\/meier-gerdingh.de\/wp-spd-ob\/wp-json\/wp\/v2\/comments?post=6881"}],"version-history":[{"count":0,"href":"https:\/\/meier-gerdingh.de\/wp-spd-ob\/wp-json\/wp\/v2\/posts\/6881\/revisions"}],"wp:attachment":[{"href":"https:\/\/meier-gerdingh.de\/wp-spd-ob\/wp-json\/wp\/v2\/media?parent=6881"}],"wp:term":[{"taxonomy":"category","embeddable":true,"href":"https:\/\/meier-gerdingh.de\/wp-spd-ob\/wp-json\/wp\/v2\/categories?post=6881"},{"taxonomy":"post_tag","embeddable":true,"href":"https:\/\/meier-gerdingh.de\/wp-spd-ob\/wp-json\/wp\/v2\/tags?post=6881"},{"taxonomy":"quellen","embeddable":true,"href":"https:\/\/meier-gerdingh.de\/wp-spd-ob\/wp-json\/wp\/v2\/quellen?post=6881"}],"curies":[{"name":"wp","href":"https:\/\/api.w.org\/{rel}","templated":true}]}}