{"id":6884,"date":"2020-01-16T18:11:18","date_gmt":"2020-01-16T17:11:18","guid":{"rendered":"https:\/\/meier-gerdingh.de\/wp-spd-ob\/?p=6884"},"modified":"2020-01-23T17:39:57","modified_gmt":"2020-01-23T16:39:57","slug":"manfred-flore-ans-oberverwaltungsgericht-berufen","status":"publish","type":"post","link":"https:\/\/meier-gerdingh.de\/wp-spd-ob\/2020\/01\/16\/manfred-flore-ans-oberverwaltungsgericht-berufen\/","title":{"rendered":"Manfred Flore ans Oberverwaltungsgericht berufen"},"content":{"rendered":"<div id=\"attachment_5396\" style=\"width: 190px\" class=\"wp-caption alignleft\"><a href=\"https:\/\/meier-gerdingh.de\/wp-spd-ob\/wp-content\/uploads\/2018\/07\/14_flore_manfred_1000.jpg\"><img aria-describedby=\"caption-attachment-5396\" decoding=\"async\" class=\"size-full wp-image-5396\" src=\"https:\/\/meier-gerdingh.de\/wp-spd-ob\/wp-content\/uploads\/2018\/07\/14_flore_manfred.jpg\" alt=\"\" width=\"180\" height=\"180\" srcset=\"https:\/\/meier-gerdingh.de\/wp-spd-ob\/wp-content\/uploads\/2018\/07\/14_flore_manfred.jpg 180w, https:\/\/meier-gerdingh.de\/wp-spd-ob\/wp-content\/uploads\/2018\/07\/14_flore_manfred-150x150.jpg 150w\" sizes=\"(max-width: 180px) 100vw, 180px\" \/><\/a><p id=\"caption-attachment-5396\" class=\"wp-caption-text\">Manfred Flore ist umwelt- und kulturpolitischer Sprecher der SPD-Ratsfraktion<\/p><\/div>\n<p>Der SPD-Stadtverordnete Manfred Flore ist zum ehrenamtlichen Richter am Oberverwaltungsgericht M\u00fcnster (OVG) berufen worden. Das Oberverwaltungsgericht M\u00fcnster bildet die Spitze der Verwaltungsgerichtsbarkeit des Landes Nordrhein-Westfalen.<!--more--><\/p>\n<p>Mit 21 Senaten ist es die Berufungsinstanz aller Verwaltungsgerichte des Landes NRW, es f\u00e4llt ober- und h\u00f6chstrichterlich Urteile \u00fcber die Bereiche Schul-, Hochschul- und Pr\u00fcfungsrecht, Ausl\u00e4nder- und Asylrecht, Versammlungsrecht, Presserecht, Bauordnungs- und Bauplanungsrecht, Umweltrecht, Gewerbe- und Gastst\u00e4ttenrecht sowie Kommunalrecht.<\/p>\n","protected":false},"excerpt":{"rendered":"<p>Der SPD-Stadtverordnete Manfred Flore ist zum ehrenamtlichen Richter am Oberverwaltungsgericht M\u00fcnster (OVG) berufen worden. Das Oberverwaltungsgericht M\u00fcnster bildet die Spitze der Verwaltungsgerichtsbarkeit des Landes Nordrhein-Westfalen.<\/p>\n","protected":false},"author":1,"featured_media":0,"comment_status":"closed","ping_status":"closed","sticky":false,"template":"","format":"standard","meta":{"footnotes":""},"categories":[2169],"tags":[2171,2170,2172],"quellen":[326],"class_list":["post-6884","post","type-post","status-publish","format-standard","hentry","category-personalien","tag-ehrenamtliche-richter","tag-oberverwaltungsgericht-muenster","tag-personalien","quellen-spd-fraktion-oberhausen"],"_links":{"self":[{"href":"https:\/\/meier-gerdingh.de\/wp-spd-ob\/wp-json\/wp\/v2\/posts\/6884","targetHints":{"allow":["GET"]}}],"collection":[{"href":"https:\/\/meier-gerdingh.de\/wp-spd-ob\/wp-json\/wp\/v2\/posts"}],"about":[{"href":"https:\/\/meier-gerdingh.de\/wp-spd-ob\/wp-json\/wp\/v2\/types\/post"}],"author":[{"embeddable":true,"href":"https:\/\/meier-gerdingh.de\/wp-spd-ob\/wp-json\/wp\/v2\/users\/1"}],"replies":[{"embeddable":true,"href":"https:\/\/meier-gerdingh.de\/wp-spd-ob\/wp-json\/wp\/v2\/comments?post=6884"}],"version-history":[{"count":0,"href":"https:\/\/meier-gerdingh.de\/wp-spd-ob\/wp-json\/wp\/v2\/posts\/6884\/revisions"}],"wp:attachment":[{"href":"https:\/\/meier-gerdingh.de\/wp-spd-ob\/wp-json\/wp\/v2\/media?parent=6884"}],"wp:term":[{"taxonomy":"category","embeddable":true,"href":"https:\/\/meier-gerdingh.de\/wp-spd-ob\/wp-json\/wp\/v2\/categories?post=6884"},{"taxonomy":"post_tag","embeddable":true,"href":"https:\/\/meier-gerdingh.de\/wp-spd-ob\/wp-json\/wp\/v2\/tags?post=6884"},{"taxonomy":"quellen","embeddable":true,"href":"https:\/\/meier-gerdingh.de\/wp-spd-ob\/wp-json\/wp\/v2\/quellen?post=6884"}],"curies":[{"name":"wp","href":"https:\/\/api.w.org\/{rel}","templated":true}]}}