{"id":6887,"date":"2020-01-17T18:26:07","date_gmt":"2020-01-17T17:26:07","guid":{"rendered":"https:\/\/meier-gerdingh.de\/wp-spd-ob\/?p=6887"},"modified":"2020-01-19T18:27:55","modified_gmt":"2020-01-19T17:27:55","slug":"spd-senioren-waehlten-einen-neuen-vorstand-fuer-oberhausen","status":"publish","type":"post","link":"https:\/\/meier-gerdingh.de\/wp-spd-ob\/2020\/01\/17\/spd-senioren-waehlten-einen-neuen-vorstand-fuer-oberhausen\/","title":{"rendered":"SPD-Senioren w\u00e4hlten einen neuen Vorstand f\u00fcr Oberhausen"},"content":{"rendered":"<div id=\"attachment_6885\" style=\"width: 730px\" class=\"wp-caption aligncenter\"><a href=\"https:\/\/meier-gerdingh.de\/wp-spd-ob\/wp-content\/uploads\/2020\/01\/ag-60-plus-ob-2020-lg.jpg\"><img aria-describedby=\"caption-attachment-6885\" decoding=\"async\" class=\"size-full wp-image-6885\" src=\"https:\/\/meier-gerdingh.de\/wp-spd-ob\/wp-content\/uploads\/2020\/01\/ag-60-plus-ob-2020.jpg\" alt=\"\" width=\"720\" height=\"372\" srcset=\"https:\/\/meier-gerdingh.de\/wp-spd-ob\/wp-content\/uploads\/2020\/01\/ag-60-plus-ob-2020.jpg 720w, https:\/\/meier-gerdingh.de\/wp-spd-ob\/wp-content\/uploads\/2020\/01\/ag-60-plus-ob-2020-300x155.jpg 300w\" sizes=\"(max-width: 720px) 100vw, 720px\" \/><\/a><p id=\"caption-attachment-6885\" class=\"wp-caption-text\">Der neue Vorstand der AG 60 plus in Oberhausen (v. l.): Peter Blanke (Schriftf\u00fchrer), G\u00fcnter Cla\u00dfen (Bildungsbeauftragter), der neue Vorsitzende Hans-G\u00fcnter Wrobel, Karin Tysiak (Stellvertretende Vorsitzende) und Wolfgang Tzscheppan (Stellvertretender Vorsitzender)<\/p><\/div>\n<p>Die Arbeitsgemeinschaft 60 plus der SPD Oberhausen hat am 14. Januar einen neuen Vorstand gew\u00e4hlt.<\/p>\n<p>Gew\u00e4hlt wurden als:<\/p>\n<ul>\n<li>Erster Vorsitzender: Hans-G\u00fcnter Wrobel<\/li>\n<li>Stellvertretende Vorsitzende: Karin Tysiak &amp; Wolfgang Tzscheppan<\/li>\n<li>Schriftf\u00fchrer: Peter Blanke<\/li>\n<li>Bildungsbeauftragter: G\u00fcnter Cla\u00dfen<\/li>\n<\/ul>\n<p>Die AG 60 plus vertritt die Interessen der Seniorinnen und Senioren unserer Stadt in den Gremien der SPD in Oberhausen und auf den entsprechenden Regional-, Landes- und Bundeskonferenzen.<!--more--><\/p>\n<p>Die konstruktive Arbeit zwischen der SPD-Ratsfraktion und der AG 60 plus soll fortgesetzt werden, weiterhin wollen die Senioren*Innen die Zusammenarbeit mit der Jugendorganisation der SPD, den Jusos, intensivieren.<\/p>\n<p>Ein Zitat aus den Dankesworten des neuen Vorsitzenden Wrobel gibt schon einen Einblick in die zuk\u00fcnftige Arbeitsrichtung: &#8222;Mitmachen ist die erste B\u00fcrgerpflicht, denn eine Stadt ist niemals fertig!&#8220;<\/p>\n<p>Der neue Vorstand ist sich aber bewusst, dass immer noch das Wort von Willy Brandt gilt: &#8222;Kleine Schritte sind mehr als gro\u00dfe Spr\u00fcche!&#8220;, aber auch der bemerkenswerte Satz von Helmut Schmidt &#8222;Nichts ist wichtiger als Hilfe \/ Seelsorge f\u00fcr Menschen in Not!&#8220;, soll beherzigt werden.<\/p>\n<p>Die AG 60 plus will das Vertrauen in unsere Demokratie st\u00e4rken, denn diese muss alle h\u00f6ren und allen geh\u00f6ren. Es muss wieder darauf geachtet werden, dass nicht nur diejenigen beteiligt werden, die sich sowieso sehr gut Geh\u00f6r verschaffen k\u00f6nnen, sondern auch die eher ruhigen Mitb\u00fcrger*Innen.<\/p>\n<p>Die SPD-Seniorinnen &amp; -Senioren wollen B\u00fcrgerbeteiligung ohne gro\u00dfe H\u00fcrden und das ehrenamtliche Engagement f\u00f6rdern, denn das st\u00e4rkt den gesellschaftlichen Zusammenhalt.<\/p>\n<p>Die Politik vor Ort und f\u00fcr den Ort ist die Grundlage eines demokratischen Gemeinwesens, denn &#8222;Kommunalpolitik ist nicht das Kellergescho\u00df unserer Demokratie, sondern ihr Fundament!&#8220; (Franz M\u00fcntefering).<\/p>\n<p>In diesem Sinne wird die SPD-AG 60 plus Oberhausen die \u00c4rmel hochkrempeln.<\/p>\n","protected":false},"excerpt":{"rendered":"<p>Die Arbeitsgemeinschaft 60 plus der SPD Oberhausen hat am 14. Januar einen neuen Vorstand gew\u00e4hlt. Gew\u00e4hlt wurden als: Erster Vorsitzender: Hans-G\u00fcnter Wrobel Stellvertretende Vorsitzende: Karin Tysiak &amp; Wolfgang Tzscheppan Schriftf\u00fchrer:&hellip; <\/p>\n","protected":false},"author":1,"featured_media":0,"comment_status":"closed","ping_status":"closed","sticky":false,"template":"","format":"standard","meta":{"footnotes":""},"categories":[173,854],"tags":[2174,71,2173],"quellen":[328],"class_list":["post-6887","post","type-post","status-publish","format-standard","hentry","category-parteileben","category-senioren","tag-ag-60-plus-oberhausen","tag-jahreshauptversammlung","tag-seniorenpolitik","quellen-ag-60-plus-oberhausen"],"_links":{"self":[{"href":"https:\/\/meier-gerdingh.de\/wp-spd-ob\/wp-json\/wp\/v2\/posts\/6887","targetHints":{"allow":["GET"]}}],"collection":[{"href":"https:\/\/meier-gerdingh.de\/wp-spd-ob\/wp-json\/wp\/v2\/posts"}],"about":[{"href":"https:\/\/meier-gerdingh.de\/wp-spd-ob\/wp-json\/wp\/v2\/types\/post"}],"author":[{"embeddable":true,"href":"https:\/\/meier-gerdingh.de\/wp-spd-ob\/wp-json\/wp\/v2\/users\/1"}],"replies":[{"embeddable":true,"href":"https:\/\/meier-gerdingh.de\/wp-spd-ob\/wp-json\/wp\/v2\/comments?post=6887"}],"version-history":[{"count":0,"href":"https:\/\/meier-gerdingh.de\/wp-spd-ob\/wp-json\/wp\/v2\/posts\/6887\/revisions"}],"wp:attachment":[{"href":"https:\/\/meier-gerdingh.de\/wp-spd-ob\/wp-json\/wp\/v2\/media?parent=6887"}],"wp:term":[{"taxonomy":"category","embeddable":true,"href":"https:\/\/meier-gerdingh.de\/wp-spd-ob\/wp-json\/wp\/v2\/categories?post=6887"},{"taxonomy":"post_tag","embeddable":true,"href":"https:\/\/meier-gerdingh.de\/wp-spd-ob\/wp-json\/wp\/v2\/tags?post=6887"},{"taxonomy":"quellen","embeddable":true,"href":"https:\/\/meier-gerdingh.de\/wp-spd-ob\/wp-json\/wp\/v2\/quellen?post=6887"}],"curies":[{"name":"wp","href":"https:\/\/api.w.org\/{rel}","templated":true}]}}