{"id":6888,"date":"2020-01-21T08:21:22","date_gmt":"2020-01-21T07:21:22","guid":{"rendered":"https:\/\/meier-gerdingh.de\/wp-spd-ob\/?p=6888"},"modified":"2020-02-02T16:08:12","modified_gmt":"2020-02-02T15:08:12","slug":"bahnplaene-mit-visionen-verknuepfen","status":"publish","type":"post","link":"https:\/\/meier-gerdingh.de\/wp-spd-ob\/2020\/01\/21\/bahnplaene-mit-visionen-verknuepfen\/","title":{"rendered":"Bahnpl\u00e4ne mit Visionen verkn\u00fcpfen"},"content":{"rendered":"<div id=\"attachment_5398\" style=\"width: 190px\" class=\"wp-caption alignleft\"><a href=\"https:\/\/meier-gerdingh.de\/wp-spd-ob\/wp-content\/uploads\/2018\/07\/14_real_ulrich_1000.jpg\"><img aria-describedby=\"caption-attachment-5398\" decoding=\"async\" class=\"size-full wp-image-5398\" src=\"https:\/\/meier-gerdingh.de\/wp-spd-ob\/wp-content\/uploads\/2018\/07\/14_real_ulrich.jpg\" alt=\"\" width=\"180\" height=\"180\" srcset=\"https:\/\/meier-gerdingh.de\/wp-spd-ob\/wp-content\/uploads\/2018\/07\/14_real_ulrich.jpg 180w, https:\/\/meier-gerdingh.de\/wp-spd-ob\/wp-content\/uploads\/2018\/07\/14_real_ulrich-150x150.jpg 150w\" sizes=\"(max-width: 180px) 100vw, 180px\" \/><\/a><p id=\"caption-attachment-5398\" class=\"wp-caption-text\">Ulrich Real ist Bezirksb\u00fcrgermeister von Sterkrade und planungspolitischer Sprecher der SPD-Ratsfraktion<\/p><\/div>\n<p>Einhellig begr\u00fc\u00dft die SPD-Ratsfraktion, dass die Planungen f\u00fcr die Reaktivierung der &#8222;Walsum-Bahn&#8220; von Voerde nach Oberhausen mit der Vergabe einer Machbarkeitsstudie konkrete Gestalt annehmen. &#8222;Unserer Ansicht nach ist es wichtig, bei den Planungen vision\u00e4r zu denken und auch m\u00f6gliche Verkn\u00fcpfungspunkte mit anderen Verkehrsmitteln einzubeziehen&#8220;, erkl\u00e4rt der planungspolitische Sprecher der Fraktion, Ulrich Real. So sei ein m\u00f6glicher Haltepunkt in unmittelbarer N\u00e4he des Stadion Niederrhein mit einer Verbindung in Richtung Neue Mitte sehr \u00fcberlegenswert.<!--more--><\/p>\n<p>&#8222;Wenn es uns dann gelingt, von dort eine rasche Verbindung zu besuchertr\u00e4chtigen Einrichtungen wie dem Centro, dem k\u00fcnftigen &#8222;The Mirai&#8220; und anderen zu schaffen, k\u00f6nnten wir die verkehrliche Situation rund um die Neue Mitte eventuell deutlich entspannen&#8220;, gibt Real zu bedenken.<\/p>\n","protected":false},"excerpt":{"rendered":"<p>Einhellig begr\u00fc\u00dft die SPD-Ratsfraktion, dass die Planungen f\u00fcr die Reaktivierung der &#8222;Walsum-Bahn&#8220; von Voerde nach Oberhausen mit der Vergabe einer Machbarkeitsstudie konkrete Gestalt annehmen. &#8222;Unserer Ansicht nach ist es wichtig,&hellip; <\/p>\n","protected":false},"author":1,"featured_media":0,"comment_status":"closed","ping_status":"closed","sticky":false,"template":"","format":"standard","meta":{"footnotes":""},"categories":[27],"tags":[2189,2191,13,2190,2188],"quellen":[326],"class_list":["post-6888","post","type-post","status-publish","format-standard","hentry","category-planen-bauen-wohnen-verkehr","tag-centro","tag-neue-mitte","tag-stadion-niederrhein","tag-the-mirai","tag-walsum-bahn","quellen-spd-fraktion-oberhausen"],"_links":{"self":[{"href":"https:\/\/meier-gerdingh.de\/wp-spd-ob\/wp-json\/wp\/v2\/posts\/6888","targetHints":{"allow":["GET"]}}],"collection":[{"href":"https:\/\/meier-gerdingh.de\/wp-spd-ob\/wp-json\/wp\/v2\/posts"}],"about":[{"href":"https:\/\/meier-gerdingh.de\/wp-spd-ob\/wp-json\/wp\/v2\/types\/post"}],"author":[{"embeddable":true,"href":"https:\/\/meier-gerdingh.de\/wp-spd-ob\/wp-json\/wp\/v2\/users\/1"}],"replies":[{"embeddable":true,"href":"https:\/\/meier-gerdingh.de\/wp-spd-ob\/wp-json\/wp\/v2\/comments?post=6888"}],"version-history":[{"count":0,"href":"https:\/\/meier-gerdingh.de\/wp-spd-ob\/wp-json\/wp\/v2\/posts\/6888\/revisions"}],"wp:attachment":[{"href":"https:\/\/meier-gerdingh.de\/wp-spd-ob\/wp-json\/wp\/v2\/media?parent=6888"}],"wp:term":[{"taxonomy":"category","embeddable":true,"href":"https:\/\/meier-gerdingh.de\/wp-spd-ob\/wp-json\/wp\/v2\/categories?post=6888"},{"taxonomy":"post_tag","embeddable":true,"href":"https:\/\/meier-gerdingh.de\/wp-spd-ob\/wp-json\/wp\/v2\/tags?post=6888"},{"taxonomy":"quellen","embeddable":true,"href":"https:\/\/meier-gerdingh.de\/wp-spd-ob\/wp-json\/wp\/v2\/quellen?post=6888"}],"curies":[{"name":"wp","href":"https:\/\/api.w.org\/{rel}","templated":true}]}}