{"id":6899,"date":"2020-01-24T20:36:53","date_gmt":"2020-01-24T19:36:53","guid":{"rendered":"https:\/\/meier-gerdingh.de\/wp-spd-ob\/?p=6899"},"modified":"2020-01-24T20:36:53","modified_gmt":"2020-01-24T19:36:53","slug":"die-zukunft-des-ruhrgebiets","status":"publish","type":"post","link":"https:\/\/meier-gerdingh.de\/wp-spd-ob\/2020\/01\/24\/die-zukunft-des-ruhrgebiets\/","title":{"rendered":"Die Zukunft des Ruhrgebiets"},"content":{"rendered":"<p>Die Perspektiven f\u00fcr das Ruhrgebiet sind das Thema eines <strong>Kneipengespr\u00e4chs<\/strong> im Sterkrader <strong>Yesterday (Neum\u00fchler Stra\u00dfe 2, am Bahnhof Sterkrade)<\/strong>, zu dem der Abgeordnete Stefan Zimkeit am Mittwoch, 29. Januar 2020, um 18.30 Uhr einl\u00e4dt. Er m\u00f6chte mit dem Publikum und dem SPD-Landtagsfraktionschef Thomas Kutschaty \u00fcber Finanzen, Arbeit und Soziales, Schulen, Kitas, Verkehr sowie eine umweltgerechte Regionalentwicklung diskutieren.<\/p>\n<p>&#8222;W\u00e4hrend die SPD-gef\u00fchrten Ministerien in Berlin f\u00fcr eine Unterst\u00fctzung des Reviers sorgen, hat die CDU-FDP-Koalition in D\u00fcsseldorf das Ruhrgebiet aus dem Blick verloren&#8220;, sagt Zimkeit. &#8222;Statt den Menschen im Ruhrgebiet zu helfen, schichtet sie Gelder in den l\u00e4ndlichen Raum um.&#8220;<!--more--><\/p>\n<p>Dabei l\u00e4gen viele Ideen f\u00fcr eine nachhaltige Unterst\u00fctzung des Reviers auf dem Tisch. &#8222;Ein Altschuldenfonds k\u00f6nnte den St\u00e4dten neue Handlungsm\u00f6glichkeiten er\u00f6ffnen, ein ausgeweiteter sozialer Arbeitsmarkt f\u00fcr neue Besch\u00e4ftigungschancen sorgen, eine gerechtere Finanzierung von Schulen und Kitas k\u00f6nnte an den sozialen Herausforderungen des Stadtteils bemessen werden, Klimaschutz ben\u00f6tigt einen attraktiven Bus- und Schienenverkehr, und ein Gro\u00dfprojekt wie die Internationale Gartenbauausstellung k\u00f6nnte f\u00fcr Aufbruchstimmung sorgen&#8220;, z\u00e4hlt Stefan Zimkeit auf. <\/p>\n<p>&#8222;Wie kann diese Unterst\u00fctzung f\u00fcr das Ruhrgebiet konkret aussehen, welche Vorschl\u00e4ge k\u00f6nnen dar\u00fcber hinaus neue Perspektiven f\u00fcr die Region und ihre B\u00fcrgerinnen und B\u00fcrger er\u00f6ffnen?&#8220; <\/p>\n<p>Der Eintritt ist frei.<\/p>\n","protected":false},"excerpt":{"rendered":"<p>Die Perspektiven f\u00fcr das Ruhrgebiet sind das Thema eines Kneipengespr\u00e4chs im Sterkrader Yesterday (Neum\u00fchler Stra\u00dfe 2, am Bahnhof Sterkrade), zu dem der Abgeordnete Stefan Zimkeit am Mittwoch, 29. Januar 2020,&hellip; <\/p>\n","protected":false},"author":1,"featured_media":0,"comment_status":"closed","ping_status":"closed","sticky":false,"template":"","format":"standard","meta":{"footnotes":""},"categories":[216,171],"tags":[1287,2181,1306,740,961],"quellen":[331],"class_list":["post-6899","post","type-post","status-publish","format-standard","hentry","category-land","category-veranstaltungen","tag-altschuldenfonds","tag-kneipengespraech","tag-ruhrgebiet","tag-sozialer-arbeitsmarkt","tag-spd-landtagsfraktion","quellen-mdl-stefan-zimkeit"],"_links":{"self":[{"href":"https:\/\/meier-gerdingh.de\/wp-spd-ob\/wp-json\/wp\/v2\/posts\/6899","targetHints":{"allow":["GET"]}}],"collection":[{"href":"https:\/\/meier-gerdingh.de\/wp-spd-ob\/wp-json\/wp\/v2\/posts"}],"about":[{"href":"https:\/\/meier-gerdingh.de\/wp-spd-ob\/wp-json\/wp\/v2\/types\/post"}],"author":[{"embeddable":true,"href":"https:\/\/meier-gerdingh.de\/wp-spd-ob\/wp-json\/wp\/v2\/users\/1"}],"replies":[{"embeddable":true,"href":"https:\/\/meier-gerdingh.de\/wp-spd-ob\/wp-json\/wp\/v2\/comments?post=6899"}],"version-history":[{"count":0,"href":"https:\/\/meier-gerdingh.de\/wp-spd-ob\/wp-json\/wp\/v2\/posts\/6899\/revisions"}],"wp:attachment":[{"href":"https:\/\/meier-gerdingh.de\/wp-spd-ob\/wp-json\/wp\/v2\/media?parent=6899"}],"wp:term":[{"taxonomy":"category","embeddable":true,"href":"https:\/\/meier-gerdingh.de\/wp-spd-ob\/wp-json\/wp\/v2\/categories?post=6899"},{"taxonomy":"post_tag","embeddable":true,"href":"https:\/\/meier-gerdingh.de\/wp-spd-ob\/wp-json\/wp\/v2\/tags?post=6899"},{"taxonomy":"quellen","embeddable":true,"href":"https:\/\/meier-gerdingh.de\/wp-spd-ob\/wp-json\/wp\/v2\/quellen?post=6899"}],"curies":[{"name":"wp","href":"https:\/\/api.w.org\/{rel}","templated":true}]}}