{"id":693,"date":"2009-04-07T16:00:00","date_gmt":"2009-04-07T14:00:00","guid":{"rendered":"http:\/\/www.meier-gerdingh.de\/spd-oberhausen\/wp\/?p=693"},"modified":"2017-05-14T14:32:34","modified_gmt":"2017-05-14T12:32:34","slug":"wolfgang-grotthaus-lud-ortsverein-nach-berlin-ein","status":"publish","type":"post","link":"https:\/\/meier-gerdingh.de\/wp-spd-ob\/2009\/04\/07\/wolfgang-grotthaus-lud-ortsverein-nach-berlin-ein\/","title":{"rendered":"Wolfgang Grotthaus lud Ortsverein nach Berlin ein"},"content":{"rendered":"<div style=\"width: 230px\" class=\"wp-caption alignleft\"><a href=\"http:\/\/meier-gerdingh.de\/wp-spd-ob\/wp-content\/uploads\/ov_mitte_berlinbesuch.jpg\"><img decoding=\"async\" class=\"size-full\" src=\"http:\/\/meier-gerdingh.de\/wp-spd-ob\/wp-content\/uploads\/ov_mitte_berlinbesuch.jpg\" alt=\"Verbrachten eine interessante und informative Woche in Berlin: Mitglieder des Ortsvereins Oberhausen-Mitte\" width=\"220\" height=\"138\" \/><\/a><p class=\"wp-caption-text\">Verbrachten eine interessante und informative Woche in Berlin: Mitglieder des Ortsvereins Oberhausen-Mitte<\/p><\/div>\n<p>Wolfgang Grotthaus als Bundestagsabgeordneter in Berlin hatte den Ortsverein Oberhausen-Mitte zu einer Tagung f\u00fcr politisch Interessierte nach Berlin eingeladen. Gerne nahmen wir diese Einladung an und eine Gruppe von 50 Personen machte sich auf nach Berlin. In der Zeit vom 31.03.2009 bis 03.04.2009 konnten wir an einem hochinteressanten bildungspolitisch informativem Programm teilnehmen. Es begann mit einer Stadtrundfahrt durch die Bundeshauptstadt, die sich an politischen Gesichtspunkten orientierte. Ein Informationsgespr\u00e4ch und eine F\u00fchrung in der Gedenkst\u00e4tte Berlin Hohensch\u00f6nhausen schlossen sich an.<!--more--><\/p>\n<p>Die Teilnehmer besuchten das Presse- und Informationsamt der Bundesregierung und erfuhren vieles \u00fcber die hier t\u00e4glich &#8211; rund um die Uhr &#8211; zu leistende Arbeit. Die neue Landesvertretung NRW hatte uns zum Gespr\u00e4ch eingeladen und auch hier gab es Informationen \u00fcber die Organisation und das neu errichtete Geb\u00e4ude. Ein Besuch des Denkmals f\u00fcr die ermordeten Juden Europas und eine F\u00fchrung in der Gedenkst\u00e4tte Deutscher Widerstand (Stauffenberg-Gedenkst\u00e4tte) durch versierte Referenten folgten.<\/p>\n<p>Der Bundesrat und der zweite Teil der Stadtrundfahrt standen am n\u00e4chsten Tag auf dem Programm, das mit einem Besuch, einer F\u00fchrung und Diskussion im Willy-Brandt-Haus fortgesetzt wurde. Es ging weiter zum Reichstagsgeb\u00e4ude, mit der Besichtigung des Plenarsaals und einem Vortrag \u00fcber die Aufgaben und die Arbeit des Parlaments. Am Reichstagsgeb\u00e4ude entstand auch das Gruppenfoto unter einem strahlend blauen Himmel von Berlin.<\/p>\n<p>Der letzte Tag war durch die Besuche der Open-Air-Ausstellung der Topographie des Terrors, einem Informationsgespr\u00e4ch im Bundesfinanzministerium und der F\u00fchrung durch die Willy-Brandt-Stiftung im Rathaus Sch\u00f6neberg gepr\u00e4gt.<\/p>\n<p>Alle Teilnehmer waren sich einig dar\u00fcber, eine interessante und informative Woche in Berlin verlebt zu haben und das auch noch bei herrlichem Sonnenschein.<\/p>\n","protected":false},"excerpt":{"rendered":"<p>Wolfgang Grotthaus als Bundestagsabgeordneter in Berlin hatte den Ortsverein Oberhausen-Mitte zu einer Tagung f\u00fcr politisch Interessierte nach Berlin eingeladen. Gerne nahmen wir diese Einladung an und eine Gruppe von 50&hellip; <\/p>\n","protected":false},"author":1,"featured_media":0,"comment_status":"closed","ping_status":"closed","sticky":false,"template":"","format":"standard","meta":{"footnotes":""},"categories":[1],"tags":[],"quellen":[],"class_list":["post-693","post","type-post","status-publish","format-standard","hentry","category-allgemein"],"_links":{"self":[{"href":"https:\/\/meier-gerdingh.de\/wp-spd-ob\/wp-json\/wp\/v2\/posts\/693","targetHints":{"allow":["GET"]}}],"collection":[{"href":"https:\/\/meier-gerdingh.de\/wp-spd-ob\/wp-json\/wp\/v2\/posts"}],"about":[{"href":"https:\/\/meier-gerdingh.de\/wp-spd-ob\/wp-json\/wp\/v2\/types\/post"}],"author":[{"embeddable":true,"href":"https:\/\/meier-gerdingh.de\/wp-spd-ob\/wp-json\/wp\/v2\/users\/1"}],"replies":[{"embeddable":true,"href":"https:\/\/meier-gerdingh.de\/wp-spd-ob\/wp-json\/wp\/v2\/comments?post=693"}],"version-history":[{"count":0,"href":"https:\/\/meier-gerdingh.de\/wp-spd-ob\/wp-json\/wp\/v2\/posts\/693\/revisions"}],"wp:attachment":[{"href":"https:\/\/meier-gerdingh.de\/wp-spd-ob\/wp-json\/wp\/v2\/media?parent=693"}],"wp:term":[{"taxonomy":"category","embeddable":true,"href":"https:\/\/meier-gerdingh.de\/wp-spd-ob\/wp-json\/wp\/v2\/categories?post=693"},{"taxonomy":"post_tag","embeddable":true,"href":"https:\/\/meier-gerdingh.de\/wp-spd-ob\/wp-json\/wp\/v2\/tags?post=693"},{"taxonomy":"quellen","embeddable":true,"href":"https:\/\/meier-gerdingh.de\/wp-spd-ob\/wp-json\/wp\/v2\/quellen?post=693"}],"curies":[{"name":"wp","href":"https:\/\/api.w.org\/{rel}","templated":true}]}}