{"id":6951,"date":"2020-01-27T19:10:25","date_gmt":"2020-01-27T18:10:25","guid":{"rendered":"https:\/\/meier-gerdingh.de\/wp-spd-ob\/?p=6951"},"modified":"2020-01-29T19:13:12","modified_gmt":"2020-01-29T18:13:12","slug":"oberhausen-ruft-foerdermittel-nicht-ab","status":"publish","type":"post","link":"https:\/\/meier-gerdingh.de\/wp-spd-ob\/2020\/01\/27\/oberhausen-ruft-foerdermittel-nicht-ab\/","title":{"rendered":"Oberhausen ruft F\u00f6rdermittel nicht ab"},"content":{"rendered":"<div id=\"attachment_4242\" style=\"width: 150px\" class=\"wp-caption alignleft\"><a href=\"https:\/\/meier-gerdingh.de\/wp-spd-ob\/wp-content\/uploads\/2017\/05\/zimkeit_stefan_17.jpg\"><img aria-describedby=\"caption-attachment-4242\" decoding=\"async\" class=\"size-full wp-image-4242\" src=\"https:\/\/meier-gerdingh.de\/wp-spd-ob\/wp-content\/uploads\/2017\/05\/zimkeit_stefan_17.jpg\" alt=\"\" width=\"140\" height=\"192\" \/><\/a><p id=\"caption-attachment-4242\" class=\"wp-caption-text\">Stefan Zimkeit ist Landtagsabgeordneter f\u00fcr Oberhausen-Sterkrade und Dinslaken sowie haushalts- und finanzpolitischer Sprecher der SPD-Landtagsfraktion<\/p><\/div>\n<p>&#8222;Es darf nicht sein, dass Oberhausen die NRW-F\u00f6rdermittel f\u00fcr den sozialen Wohnungsbau nicht abruft&#8220;, zeigt sich Stefan Zimkeit ver\u00e4rgert. Laut Recherchen des WDR hat Oberhausen von seinem 6,4-Millionen-Euro-Budget in 2019 keinen einzigen Cent verwendet. &#8222;Immer mehr Menschen haben Schwierigkeiten, eine bezahlbare Wohnung zu finden. Das gilt auch f\u00fcr Oberhausen&#8220;, stellt Zimkeit fest. &#8222;Deswegen ist diese Unt\u00e4tigkeit inakzeptabel.&#8220; Der SPD-Landtagsabgeordnete fordert die Stadtspitze auf, diesen Zustand zu beenden.<!--more--><\/p>\n<p>&#8222;Dass es auch anders geht, zeigen die Kommunen im Kreis Wesel. Sie haben ihr 13-Millionen-Euro Budget zu 157 Prozent ausgesch\u00f6pft&#8220;, so Zimkeit. Auch die Nachbarstadt M\u00fclheim habe mit 103 Prozent mehr Geld abgerufen, als die die eigentlich vorgesehenen 5,4 Millionen.<\/p>\n<p>&#8222;Steigende Mieten sind die soziale Frage unserer Zeit&#8220;, zitiert Stefan Zimkeit eine Feststellung des Sozialverbands VdK. &#8222;Zu wenig sozialer Wohnungsbau ist eine der Hauptursachen f\u00fcr zu hohe Mieten.&#8220; Er sieht deshalb auch das Landesbauministerium in der Pflicht. &#8222;Nach WDR-Informationen soll die Zahl der in NRW neu gebauten Sozialwohnungen im Jahr 2019 um zehn Prozent zur\u00fcckgegangen sein.&#8220;<\/p>\n<p>Das Bauministerium m\u00fcsse gemeinsam mit der Stadtspitze erkl\u00e4ren, wo die Ursachen daf\u00fcr liegen, dass Oberhausen die F\u00f6rdermittel nicht abruft. &#8222;Gegebenfalls muss das Land auch seine F\u00f6rderbedingungen \u00e4ndern.&#8220;<\/p>\n","protected":false},"excerpt":{"rendered":"<p>&#8222;Es darf nicht sein, dass Oberhausen die NRW-F\u00f6rdermittel f\u00fcr den sozialen Wohnungsbau nicht abruft&#8220;, zeigt sich Stefan Zimkeit ver\u00e4rgert. Laut Recherchen des WDR hat Oberhausen von seinem 6,4-Millionen-Euro-Budget in 2019&hellip; <\/p>\n","protected":false},"author":1,"featured_media":0,"comment_status":"closed","ping_status":"closed","sticky":false,"template":"","format":"standard","meta":{"footnotes":""},"categories":[216,27],"tags":[5,1502,2017,2185,1501,1881,2187,2184,2186],"quellen":[331],"class_list":["post-6951","post","type-post","status-publish","format-standard","hentry","category-land","category-planen-bauen-wohnen-verkehr","tag-landesfoerderung","tag-mieten","tag-mieterinnen-und-mieter","tag-mietsteigerungen","tag-sozialer-wohnungsbau","tag-sozialwohnungen","tag-vdk","tag-wdr","tag-wohnungsnot","quellen-mdl-stefan-zimkeit"],"_links":{"self":[{"href":"https:\/\/meier-gerdingh.de\/wp-spd-ob\/wp-json\/wp\/v2\/posts\/6951","targetHints":{"allow":["GET"]}}],"collection":[{"href":"https:\/\/meier-gerdingh.de\/wp-spd-ob\/wp-json\/wp\/v2\/posts"}],"about":[{"href":"https:\/\/meier-gerdingh.de\/wp-spd-ob\/wp-json\/wp\/v2\/types\/post"}],"author":[{"embeddable":true,"href":"https:\/\/meier-gerdingh.de\/wp-spd-ob\/wp-json\/wp\/v2\/users\/1"}],"replies":[{"embeddable":true,"href":"https:\/\/meier-gerdingh.de\/wp-spd-ob\/wp-json\/wp\/v2\/comments?post=6951"}],"version-history":[{"count":0,"href":"https:\/\/meier-gerdingh.de\/wp-spd-ob\/wp-json\/wp\/v2\/posts\/6951\/revisions"}],"wp:attachment":[{"href":"https:\/\/meier-gerdingh.de\/wp-spd-ob\/wp-json\/wp\/v2\/media?parent=6951"}],"wp:term":[{"taxonomy":"category","embeddable":true,"href":"https:\/\/meier-gerdingh.de\/wp-spd-ob\/wp-json\/wp\/v2\/categories?post=6951"},{"taxonomy":"post_tag","embeddable":true,"href":"https:\/\/meier-gerdingh.de\/wp-spd-ob\/wp-json\/wp\/v2\/tags?post=6951"},{"taxonomy":"quellen","embeddable":true,"href":"https:\/\/meier-gerdingh.de\/wp-spd-ob\/wp-json\/wp\/v2\/quellen?post=6951"}],"curies":[{"name":"wp","href":"https:\/\/api.w.org\/{rel}","templated":true}]}}