{"id":6968,"date":"2020-02-09T16:53:43","date_gmt":"2020-02-09T15:53:43","guid":{"rendered":"https:\/\/meier-gerdingh.de\/wp-spd-ob\/?p=6968"},"modified":"2020-02-09T16:54:25","modified_gmt":"2020-02-09T15:54:25","slug":"einladung-zur-karnevalsfeier-der-oberhausener-spd","status":"publish","type":"post","link":"https:\/\/meier-gerdingh.de\/wp-spd-ob\/2020\/02\/09\/einladung-zur-karnevalsfeier-der-oberhausener-spd\/","title":{"rendered":"Einladung zur Karnevalsfeier der Oberhausener SPD"},"content":{"rendered":"<p><a href=\"https:\/\/meier-gerdingh.de\/wp-spd-ob\/wp-content\/uploads\/2020\/02\/banner_de_zoch_kuett_2020_lg.jpg\"><img decoding=\"async\" class=\"aligncenter size-full wp-image-6969\" src=\"https:\/\/meier-gerdingh.de\/wp-spd-ob\/wp-content\/uploads\/2020\/02\/banner_de_zoch_kuett_2020.jpg\" alt=\"\" width=\"720\" height=\"253\" srcset=\"https:\/\/meier-gerdingh.de\/wp-spd-ob\/wp-content\/uploads\/2020\/02\/banner_de_zoch_kuett_2020.jpg 720w, https:\/\/meier-gerdingh.de\/wp-spd-ob\/wp-content\/uploads\/2020\/02\/banner_de_zoch_kuett_2020-300x105.jpg 300w\" sizes=\"(max-width: 720px) 100vw, 720px\" \/><\/a>Aller guten Dinge sind (mindestens) drei \u2013 und so laden wir in diesem Jahr bereits zur dritten Karnevalsfeier der Oberhausener SPD ein. Wir setzen damit eine sch\u00f6ne neue Tradition f\u00fcr unsere Mitglieder und Freunde fort. Die Feier findet statt am<\/p>\n<p><strong>Karnevalssonntag | 23. Februar 2020 | ab 13.11 Uhr<br \/>\nim SPD-Parteib\u00fcro | Schwartzstr. 52.<\/strong><!--more--><\/p>\n<p>Das Besondere an unserer Gesch\u00e4ftsstelle ist, dass diese unmittelbar an der Wegstrecke des Karnevalszuges liegt. Von unserem Sitzungssaal hat man dank gro\u00dfer Fensterfront einen sehr sch\u00f6nen Blick auf das n\u00e4rrische Treiben drau\u00dfen. Und wer auf S\u00fc\u00dfigkeitenjagd gehen m\u00f6chte, ist bei uns auch richtig.<\/p>\n<p>Wie im vergangenen Jahr werden wir von der Gesch\u00e4ftsstelle f\u00fcr Getr\u00e4nke, f\u00fcr S\u00fc\u00dfigkeiten und f\u00fcr Salzgeb\u00e4ck sorgen. Jede und jeder ist herzlich eingeladen, etwas Herzhaftes, einen Salat oder einen Dessert zu stiften.<\/p>\n<p>Eintritt oder Unkostenbeitrag wird keiner erhoben! Eine kurze R\u00fcckmeldung <strong>(02 08) 2 33 34<\/strong> oder unter <a href=\"mailto:info@spd-oberhausen.de\">info@spd-oberhausen.de<\/a> erleichtert die Planung.<\/p>\n<p>Wir freuen uns auf einen sch\u00f6nen Nachmittag!<\/p>\n","protected":false},"excerpt":{"rendered":"<p>Aller guten Dinge sind (mindestens) drei \u2013 und so laden wir in diesem Jahr bereits zur dritten Karnevalsfeier der Oberhausener SPD ein. Wir setzen damit eine sch\u00f6ne neue Tradition f\u00fcr&hellip; <\/p>\n","protected":false},"author":1,"featured_media":0,"comment_status":"closed","ping_status":"closed","sticky":false,"template":"","format":"standard","meta":{"footnotes":""},"categories":[173],"tags":[1827,1119,1828,1826],"quellen":[327],"class_list":["post-6968","post","type-post","status-publish","format-standard","hentry","category-parteileben","tag-karnevalszug","tag-spd-geschaeftsstelle","tag-spd-parteibuero","tag-zugparty","quellen-spd-unterbezirk-oberhausen"],"_links":{"self":[{"href":"https:\/\/meier-gerdingh.de\/wp-spd-ob\/wp-json\/wp\/v2\/posts\/6968","targetHints":{"allow":["GET"]}}],"collection":[{"href":"https:\/\/meier-gerdingh.de\/wp-spd-ob\/wp-json\/wp\/v2\/posts"}],"about":[{"href":"https:\/\/meier-gerdingh.de\/wp-spd-ob\/wp-json\/wp\/v2\/types\/post"}],"author":[{"embeddable":true,"href":"https:\/\/meier-gerdingh.de\/wp-spd-ob\/wp-json\/wp\/v2\/users\/1"}],"replies":[{"embeddable":true,"href":"https:\/\/meier-gerdingh.de\/wp-spd-ob\/wp-json\/wp\/v2\/comments?post=6968"}],"version-history":[{"count":0,"href":"https:\/\/meier-gerdingh.de\/wp-spd-ob\/wp-json\/wp\/v2\/posts\/6968\/revisions"}],"wp:attachment":[{"href":"https:\/\/meier-gerdingh.de\/wp-spd-ob\/wp-json\/wp\/v2\/media?parent=6968"}],"wp:term":[{"taxonomy":"category","embeddable":true,"href":"https:\/\/meier-gerdingh.de\/wp-spd-ob\/wp-json\/wp\/v2\/categories?post=6968"},{"taxonomy":"post_tag","embeddable":true,"href":"https:\/\/meier-gerdingh.de\/wp-spd-ob\/wp-json\/wp\/v2\/tags?post=6968"},{"taxonomy":"quellen","embeddable":true,"href":"https:\/\/meier-gerdingh.de\/wp-spd-ob\/wp-json\/wp\/v2\/quellen?post=6968"}],"curies":[{"name":"wp","href":"https:\/\/api.w.org\/{rel}","templated":true}]}}