{"id":6977,"date":"2020-01-30T17:46:24","date_gmt":"2020-01-30T16:46:24","guid":{"rendered":"https:\/\/meier-gerdingh.de\/wp-spd-ob\/?p=6977"},"modified":"2020-02-09T17:50:33","modified_gmt":"2020-02-09T16:50:33","slug":"cdu-will-probleme-am-bordell-nicht-anfassen","status":"publish","type":"post","link":"https:\/\/meier-gerdingh.de\/wp-spd-ob\/2020\/01\/30\/cdu-will-probleme-am-bordell-nicht-anfassen\/","title":{"rendered":"CDU will Probleme am Bordell nicht anfassen"},"content":{"rendered":"<div id=\"attachment_5409\" style=\"width: 190px\" class=\"wp-caption alignleft\"><a href=\"https:\/\/meier-gerdingh.de\/wp-spd-ob\/wp-content\/uploads\/2018\/07\/14_droehne_manuel_1000.jpg\"><img aria-describedby=\"caption-attachment-5409\" decoding=\"async\" class=\"size-full wp-image-5409\" src=\"https:\/\/meier-gerdingh.de\/wp-spd-ob\/wp-content\/uploads\/2018\/07\/14_droehne_manuel.jpg\" alt=\"\" width=\"180\" height=\"180\" srcset=\"https:\/\/meier-gerdingh.de\/wp-spd-ob\/wp-content\/uploads\/2018\/07\/14_droehne_manuel.jpg 180w, https:\/\/meier-gerdingh.de\/wp-spd-ob\/wp-content\/uploads\/2018\/07\/14_droehne_manuel-150x150.jpg 150w\" sizes=\"(max-width: 180px) 100vw, 180px\" \/><\/a><p id=\"caption-attachment-5409\" class=\"wp-caption-text\">Manuel Dr\u00f6hne ist gleichstellungspolitischer Sprecher der SPD-Ratsfraktion<\/p><\/div>\n<p>Auf Antrag der SPD-Fraktion hat der Gleichstellungsausschuss in seiner j\u00fcngsten Sitzung die Situation rund um das Bordellviertel an der Fla\u00dfhofstra\u00dfe problematisiert. &#8222;Die Situation dort ist f\u00fcr zahlreiche Anwohnerinnen und Anwohner problematisch, so dass wir schon heute handeln m\u00fcssen. Der Pr\u00fcfauftrag zur Verlagerung des Bordells hilft den B\u00fcrgerinnen und B\u00fcrgern nun mal nicht in der aktuellen Situation&#8220;, erkl\u00e4rt dazu Manuel Dr\u00f6hne, gleichstellungspolitischer Sprecher der SPD-Fraktion.<!--more--><\/p>\n<p>Aus diesem Grund stie\u00df der Einwurf der CDU, warum neben dem Pr\u00fcfauftrag zur Verlagerung denn \u00fcberhaupt zus\u00e4tzliche Antr\u00e4ge gestellt werden, bei den Sozialdemokraten auf Unverst\u00e4ndnis. &#8222;Wir wollen nicht warten auf eine m\u00f6gliche Verlagerung in ferner Zukunft. Es geht darum, den Menschen vor Ort nun konkret zu helfen&#8220;, so Dr\u00f6hne abschlie\u00dfend.<\/p>\n","protected":false},"excerpt":{"rendered":"<p>Auf Antrag der SPD-Fraktion hat der Gleichstellungsausschuss in seiner j\u00fcngsten Sitzung die Situation rund um das Bordellviertel an der Fla\u00dfhofstra\u00dfe problematisiert. &#8222;Die Situation dort ist f\u00fcr zahlreiche Anwohnerinnen und Anwohner&hellip; <\/p>\n","protected":false},"author":1,"featured_media":0,"comment_status":"closed","ping_status":"closed","sticky":false,"template":"","format":"standard","meta":{"footnotes":""},"categories":[95,167],"tags":[2202,2204,934,2203,933],"quellen":[326],"class_list":["post-6977","post","type-post","status-publish","format-standard","hentry","category-gleichstellung","category-stadtteile","tag-bordell","tag-bordellverlagerung","tag-flasshofstrasse","tag-gleichstellungsausschuss","tag-rotlichtbezirk","quellen-spd-fraktion-oberhausen"],"_links":{"self":[{"href":"https:\/\/meier-gerdingh.de\/wp-spd-ob\/wp-json\/wp\/v2\/posts\/6977","targetHints":{"allow":["GET"]}}],"collection":[{"href":"https:\/\/meier-gerdingh.de\/wp-spd-ob\/wp-json\/wp\/v2\/posts"}],"about":[{"href":"https:\/\/meier-gerdingh.de\/wp-spd-ob\/wp-json\/wp\/v2\/types\/post"}],"author":[{"embeddable":true,"href":"https:\/\/meier-gerdingh.de\/wp-spd-ob\/wp-json\/wp\/v2\/users\/1"}],"replies":[{"embeddable":true,"href":"https:\/\/meier-gerdingh.de\/wp-spd-ob\/wp-json\/wp\/v2\/comments?post=6977"}],"version-history":[{"count":0,"href":"https:\/\/meier-gerdingh.de\/wp-spd-ob\/wp-json\/wp\/v2\/posts\/6977\/revisions"}],"wp:attachment":[{"href":"https:\/\/meier-gerdingh.de\/wp-spd-ob\/wp-json\/wp\/v2\/media?parent=6977"}],"wp:term":[{"taxonomy":"category","embeddable":true,"href":"https:\/\/meier-gerdingh.de\/wp-spd-ob\/wp-json\/wp\/v2\/categories?post=6977"},{"taxonomy":"post_tag","embeddable":true,"href":"https:\/\/meier-gerdingh.de\/wp-spd-ob\/wp-json\/wp\/v2\/tags?post=6977"},{"taxonomy":"quellen","embeddable":true,"href":"https:\/\/meier-gerdingh.de\/wp-spd-ob\/wp-json\/wp\/v2\/quellen?post=6977"}],"curies":[{"name":"wp","href":"https:\/\/api.w.org\/{rel}","templated":true}]}}