{"id":698,"date":"2009-05-27T16:00:00","date_gmt":"2009-05-27T14:00:00","guid":{"rendered":"http:\/\/www.meier-gerdingh.de\/spd-oberhausen\/wp\/?p=698"},"modified":"2017-05-14T14:29:27","modified_gmt":"2017-05-14T12:29:27","slug":"viel-spd-prominenz-beim-pfingstradrennen","status":"publish","type":"post","link":"https:\/\/meier-gerdingh.de\/wp-spd-ob\/2009\/05\/27\/viel-spd-prominenz-beim-pfingstradrennen\/","title":{"rendered":"Viel SPD-Prominenz beim Pfingstradrennen"},"content":{"rendered":"<div style=\"width: 210px\" class=\"wp-caption alignleft\"><a href=\"http:\/\/meier-gerdingh.de\/wp-spd-ob\/wp-content\/uploads\/pfingstradrennen.jpg\"><img decoding=\"async\" class=\"size-full\" src=\"http:\/\/meier-gerdingh.de\/wp-spd-ob\/wp-content\/uploads\/pfingstradrennen.jpg\" alt=\"Ein Top-Ereignis im Jahreskalender des Oberhausener Sports: Das traditionsreiche Pfingstradrennen\" width=\"200\" height=\"146\" \/><\/a><p class=\"wp-caption-text\">Ein Top-Ereignis im Jahreskalender des Oberhausener Sports: Das traditionsreiche Pfingstradrennen<\/p><\/div>\n<p>Spitzenpolitiker der SPD wird der Besucher des diesj\u00e4hrigen Pfingstradrennens gleich in gro\u00dfer Zahl hautnah erleben und kennen lernen k\u00f6nnen. Am traditionsreichen Stand des SPD-Ortsvereins Oberhausen-Ost auf dem Wehrplatz werden am Pfingstsonntag ab 13.00 Uhr die SPD-Landesvorsitzende Hannelore Kraft und f\u00fcr den gesamten Tag der Generalsekret\u00e4r der NRW SPD Michael Groschek zu Gast sein. Auch der Kandidat der SPD f\u00fcr das EU-Parlament, der Essener Jens Geier, steht den B\u00fcrgerinnen und B\u00fcrgern kompetent als Ansprechpartner zur Verf\u00fcgung.<!--more--><\/p>\n<p>Der auf dem aussichtsreichen Listenplatz 10 der SPD-Bundesliste platzierte Geier wei\u00df vielf\u00e4ltige Gr\u00fcnde zu nennen, warum die Teilnahme an der Europawahl wichtig ist. Ebenso gibt es viele Beispiele f\u00fcr die praktischen Auswirkungen von EU-Politik auf die Kommune, die Jens Geier f\u00fcr Oberhausen aufzeigen kann.<\/p>\n<p>Kommunalpolitische Prominenz der SPD treffen die B\u00fcrgerinnen und B\u00fcrger selbstverst\u00e4ndlich ebenfalls an. So werden Oberb\u00fcrgermeister Klaus Wehling, der Fraktionsvorsitzende Wolfgang Gro\u00dfe Br\u00f6mer und zahlreiche Mitglieder der Ratsfraktion vor Ort sein.<\/p>\n<p>&#8222;Unser Stand beim Pfingstradrennen ist f\u00fcr alle Besucher ein Gewinn. Von der Waffel \u00fcber Getr\u00e4nke bis zur handfesten politischen Information, es kommt jeder auf seine Kosten,&#8220; freut sich der Vorsitzende des SPD-Ortsvereins Oberhausen-Ost Frank Motschull.<\/p>\n","protected":false},"excerpt":{"rendered":"<p>Spitzenpolitiker der SPD wird der Besucher des diesj\u00e4hrigen Pfingstradrennens gleich in gro\u00dfer Zahl hautnah erleben und kennen lernen k\u00f6nnen. Am traditionsreichen Stand des SPD-Ortsvereins Oberhausen-Ost auf dem Wehrplatz werden am&hellip; <\/p>\n","protected":false},"author":1,"featured_media":0,"comment_status":"closed","ping_status":"closed","sticky":false,"template":"","format":"standard","meta":{"footnotes":""},"categories":[1],"tags":[],"quellen":[],"class_list":["post-698","post","type-post","status-publish","format-standard","hentry","category-allgemein"],"_links":{"self":[{"href":"https:\/\/meier-gerdingh.de\/wp-spd-ob\/wp-json\/wp\/v2\/posts\/698","targetHints":{"allow":["GET"]}}],"collection":[{"href":"https:\/\/meier-gerdingh.de\/wp-spd-ob\/wp-json\/wp\/v2\/posts"}],"about":[{"href":"https:\/\/meier-gerdingh.de\/wp-spd-ob\/wp-json\/wp\/v2\/types\/post"}],"author":[{"embeddable":true,"href":"https:\/\/meier-gerdingh.de\/wp-spd-ob\/wp-json\/wp\/v2\/users\/1"}],"replies":[{"embeddable":true,"href":"https:\/\/meier-gerdingh.de\/wp-spd-ob\/wp-json\/wp\/v2\/comments?post=698"}],"version-history":[{"count":0,"href":"https:\/\/meier-gerdingh.de\/wp-spd-ob\/wp-json\/wp\/v2\/posts\/698\/revisions"}],"wp:attachment":[{"href":"https:\/\/meier-gerdingh.de\/wp-spd-ob\/wp-json\/wp\/v2\/media?parent=698"}],"wp:term":[{"taxonomy":"category","embeddable":true,"href":"https:\/\/meier-gerdingh.de\/wp-spd-ob\/wp-json\/wp\/v2\/categories?post=698"},{"taxonomy":"post_tag","embeddable":true,"href":"https:\/\/meier-gerdingh.de\/wp-spd-ob\/wp-json\/wp\/v2\/tags?post=698"},{"taxonomy":"quellen","embeddable":true,"href":"https:\/\/meier-gerdingh.de\/wp-spd-ob\/wp-json\/wp\/v2\/quellen?post=698"}],"curies":[{"name":"wp","href":"https:\/\/api.w.org\/{rel}","templated":true}]}}