{"id":6987,"date":"2020-02-26T13:50:53","date_gmt":"2020-02-26T12:50:53","guid":{"rendered":"https:\/\/meier-gerdingh.de\/wp-spd-ob\/?p=6987"},"modified":"2020-02-26T13:50:53","modified_gmt":"2020-02-26T12:50:53","slug":"unverzichtbare-angebote","status":"publish","type":"post","link":"https:\/\/meier-gerdingh.de\/wp-spd-ob\/2020\/02\/26\/unverzichtbare-angebote\/","title":{"rendered":"Unverzichtbare Angebote"},"content":{"rendered":"<div id=\"attachment_4242\" style=\"width: 150px\" class=\"wp-caption alignleft\"><a href=\"https:\/\/meier-gerdingh.de\/wp-spd-ob\/wp-content\/uploads\/2017\/05\/zimkeit_stefan_17.jpg\"><img aria-describedby=\"caption-attachment-4242\" decoding=\"async\" class=\"size-full wp-image-4242\" src=\"https:\/\/meier-gerdingh.de\/wp-spd-ob\/wp-content\/uploads\/2017\/05\/zimkeit_stefan_17.jpg\" alt=\"\" width=\"140\" height=\"192\" \/><\/a><p id=\"caption-attachment-4242\" class=\"wp-caption-text\">Stefan Zimkeit ist Landtagsabgeordneter f\u00fcr Oberhausen-Sterkrade und Dinslaken sowie haushalts- und finanzpolitischer Sprecher der SPD-Landtagsfraktion<\/p><\/div>\n<p>&#8222;Die schwierige Situation arbeitsloser Menschen darf einem nicht so gleichg\u00fcltig sein&#8220;, kritisiert Stefan Zimkeit (SPD) die Zustimmung der AfD zu Pl\u00e4nen der schwarz-gelben Landesregierung, die F\u00f6rderung von Arbeitslosenzentren einzustellen. Der Landtagsabgeordnete Zimkeit begr\u00fc\u00dfte es ausdr\u00fccklich, dass sich im Stadtrat auch die CDU gegen die Entscheidung von Arbeits- und Sozialminister Laumann (CDU) gestellt hat, Mittel f\u00fcr die Ruhrwerkstatt und das Arbeitslosenzentrum Kontakt zu streichen.<!--more--><\/p>\n<p>&#8222;Die Erwerbslosenberatung und die Arbeitslosenzentren leisten keine Doppelarbeit, sondern sie erg\u00e4nzen sich mit ihren Angeboten f\u00fcr langzeitarbeitslose Menschen sehr gut. Sie bilden ein wichtiges soziales Netzwerk f\u00fcr benachteiligte Menschen. Das muss mehr und nicht weniger unterst\u00fctzt werden&#8220;, stellt Zimkeit klar.<\/p>\n<p>Wer von Arbeitslosigkeit betroffen ist d\u00fcrfe nicht abgeh\u00e4ngt und sozial isoliert werden. &#8222;Genau deswegen leisten die Arbeitslosenzentren mit ihren vielf\u00e4ltigen Angeboten einen unverzichtbaren Beitrag&#8220;, sagt Stefan Zimkeit.<\/p>\n<p>&#8222;Menschen, die in so schwierigen Situationen allein gelassen werden, sind anf\u00e4llig f\u00fcr den Rechtsextremismus. Auch deshalb m\u00fcssen diese Angebote ausgeweitet und nicht abgeschafft werden&#8220;, so der SPD-Abgeordnete. &#8222;Das Steuergeld f\u00fcr diese Unterst\u00fctzung arbeitsloser Menschen ist gut angelegt.<\/p>\n","protected":false},"excerpt":{"rendered":"<p>&#8222;Die schwierige Situation arbeitsloser Menschen darf einem nicht so gleichg\u00fcltig sein&#8220;, kritisiert Stefan Zimkeit (SPD) die Zustimmung der AfD zu Pl\u00e4nen der schwarz-gelben Landesregierung, die F\u00f6rderung von Arbeitslosenzentren einzustellen. Der&hellip; <\/p>\n","protected":false},"author":1,"featured_media":0,"comment_status":"closed","ping_status":"closed","sticky":false,"template":"","format":"standard","meta":{"footnotes":""},"categories":[174],"tags":[2207,2138,2209,1594,2208,742,431,1557],"quellen":[331],"class_list":["post-6987","post","type-post","status-publish","format-standard","hentry","category-arbeit-und-soziales","tag-arbeitslose","tag-arbeitslosenzentren","tag-arbeitslosenzentrum-kontakt-e-v","tag-arbeitslosigkeit","tag-erwerbslosenberatung","tag-langzeitarbeitslose","tag-langzeitarbeitslosigkeit","tag-ruhrwerkstatt","quellen-mdl-stefan-zimkeit"],"_links":{"self":[{"href":"https:\/\/meier-gerdingh.de\/wp-spd-ob\/wp-json\/wp\/v2\/posts\/6987","targetHints":{"allow":["GET"]}}],"collection":[{"href":"https:\/\/meier-gerdingh.de\/wp-spd-ob\/wp-json\/wp\/v2\/posts"}],"about":[{"href":"https:\/\/meier-gerdingh.de\/wp-spd-ob\/wp-json\/wp\/v2\/types\/post"}],"author":[{"embeddable":true,"href":"https:\/\/meier-gerdingh.de\/wp-spd-ob\/wp-json\/wp\/v2\/users\/1"}],"replies":[{"embeddable":true,"href":"https:\/\/meier-gerdingh.de\/wp-spd-ob\/wp-json\/wp\/v2\/comments?post=6987"}],"version-history":[{"count":0,"href":"https:\/\/meier-gerdingh.de\/wp-spd-ob\/wp-json\/wp\/v2\/posts\/6987\/revisions"}],"wp:attachment":[{"href":"https:\/\/meier-gerdingh.de\/wp-spd-ob\/wp-json\/wp\/v2\/media?parent=6987"}],"wp:term":[{"taxonomy":"category","embeddable":true,"href":"https:\/\/meier-gerdingh.de\/wp-spd-ob\/wp-json\/wp\/v2\/categories?post=6987"},{"taxonomy":"post_tag","embeddable":true,"href":"https:\/\/meier-gerdingh.de\/wp-spd-ob\/wp-json\/wp\/v2\/tags?post=6987"},{"taxonomy":"quellen","embeddable":true,"href":"https:\/\/meier-gerdingh.de\/wp-spd-ob\/wp-json\/wp\/v2\/quellen?post=6987"}],"curies":[{"name":"wp","href":"https:\/\/api.w.org\/{rel}","templated":true}]}}