{"id":7008,"date":"2020-03-11T20:17:11","date_gmt":"2020-03-11T19:17:11","guid":{"rendered":"https:\/\/meier-gerdingh.de\/wp-spd-ob\/?p=7008"},"modified":"2020-03-12T20:19:13","modified_gmt":"2020-03-12T19:19:13","slug":"schlupfloch-am-marktplatz-wird-geschlossen","status":"publish","type":"post","link":"https:\/\/meier-gerdingh.de\/wp-spd-ob\/2020\/03\/11\/schlupfloch-am-marktplatz-wird-geschlossen\/","title":{"rendered":"Schlupfloch am Marktplatz wird geschlossen"},"content":{"rendered":"<div id=\"attachment_7007\" style=\"width: 250px\" class=\"wp-caption alignleft\"><a href=\"https:\/\/meier-gerdingh.de\/wp-spd-ob\/wp-content\/uploads\/2020\/03\/spd-termin-marktplatz-osterfeld.jpg\"><img aria-describedby=\"caption-attachment-7007\" decoding=\"async\" class=\"size-full wp-image-7007\" src=\"https:\/\/meier-gerdingh.de\/wp-spd-ob\/wp-content\/uploads\/2020\/03\/spd-termin-marktplatz-osterfeld.jpg\" alt=\"\" width=\"240\" height=\"320\" srcset=\"https:\/\/meier-gerdingh.de\/wp-spd-ob\/wp-content\/uploads\/2020\/03\/spd-termin-marktplatz-osterfeld.jpg 240w, https:\/\/meier-gerdingh.de\/wp-spd-ob\/wp-content\/uploads\/2020\/03\/spd-termin-marktplatz-osterfeld-225x300.jpg 225w\" sizes=\"(max-width: 240px) 100vw, 240px\" \/><\/a><p id=\"caption-attachment-7007\" class=\"wp-caption-text\">Silke Jacobs, die Vorsitzende der SPD-Fraktion in der Bezirksvertretung Osterfeld, Ricarda Mauksch, zust\u00e4ndig f\u00fcr Verkehrsplanung, und Aref Sarsour (Schnittstelle zur WBO, vorne, von links) im Gespr\u00e4ch am &#8222;Schlupfloch&#8220; zwischen Parkplatz und Gildenstra\u00dfe. Eine L\u00f6sung scheint nun gefunden.<\/p><\/div>\n<p>Vertreterinnen und Vertreter der Bezirksvertretung Osterfeld sowie Mitarbeiterinnen und Mitarbeiter aus dem Bereich Tiefbau und der WBO haben sich j\u00fcngst auf dem Osterfelder Marktplatz getroffen, um sich selbst ein Bild von dem &#8222;Schlupfloch&#8220; zwischen Parkplatz und Gildenstra\u00dfe zu machen.<\/p>\n<p>Diese L\u00fccke ist eine der Ursachen f\u00fcr den Durchgangsverkehr in der Fu\u00dfg\u00e4ngerzone. Zwar war schon ein Poller zwischen der Absperrung und dem Bistro Jederman aufgestellt worden, um genau diesen zu verhindern. Doch offensichtlich war die L\u00fccke noch gro\u00df genug f\u00fcr einige uneinsichtige Autofahrer, die sich mit ihrem Pkw bislang hindurchschl\u00e4ngeln konnten.<!--more--><\/p>\n<p>Vor Ort ersannen Politiker und Verwaltungsvertreter eine L\u00f6sung: Das Schild, das auf die Fu\u00dfg\u00e4ngerzone hinweist, soll 50 Zentimeter versetzt werden, um den Durchgang entscheidend zu verengen; Rollatoren und Kinderwagen werden hindurchpassen, aber keine Autos.<\/p>\n","protected":false},"excerpt":{"rendered":"<p>Vertreterinnen und Vertreter der Bezirksvertretung Osterfeld sowie Mitarbeiterinnen und Mitarbeiter aus dem Bereich Tiefbau und der WBO haben sich j\u00fcngst auf dem Osterfelder Marktplatz getroffen, um sich selbst ein Bild&hellip; <\/p>\n","protected":false},"author":1,"featured_media":0,"comment_status":"closed","ping_status":"closed","sticky":false,"template":"","format":"standard","meta":{"footnotes":""},"categories":[27,167],"tags":[185,2220,2222,41,2221],"quellen":[326],"class_list":["post-7008","post","type-post","status-publish","format-standard","hentry","category-planen-bauen-wohnen-verkehr","category-stadtteile","tag-bezirksvertretung-osterfeld","tag-bistro-jederman","tag-durchgangsverkehr","tag-osterfeld","tag-osterfelder-marktplatz","quellen-spd-fraktion-oberhausen"],"_links":{"self":[{"href":"https:\/\/meier-gerdingh.de\/wp-spd-ob\/wp-json\/wp\/v2\/posts\/7008","targetHints":{"allow":["GET"]}}],"collection":[{"href":"https:\/\/meier-gerdingh.de\/wp-spd-ob\/wp-json\/wp\/v2\/posts"}],"about":[{"href":"https:\/\/meier-gerdingh.de\/wp-spd-ob\/wp-json\/wp\/v2\/types\/post"}],"author":[{"embeddable":true,"href":"https:\/\/meier-gerdingh.de\/wp-spd-ob\/wp-json\/wp\/v2\/users\/1"}],"replies":[{"embeddable":true,"href":"https:\/\/meier-gerdingh.de\/wp-spd-ob\/wp-json\/wp\/v2\/comments?post=7008"}],"version-history":[{"count":0,"href":"https:\/\/meier-gerdingh.de\/wp-spd-ob\/wp-json\/wp\/v2\/posts\/7008\/revisions"}],"wp:attachment":[{"href":"https:\/\/meier-gerdingh.de\/wp-spd-ob\/wp-json\/wp\/v2\/media?parent=7008"}],"wp:term":[{"taxonomy":"category","embeddable":true,"href":"https:\/\/meier-gerdingh.de\/wp-spd-ob\/wp-json\/wp\/v2\/categories?post=7008"},{"taxonomy":"post_tag","embeddable":true,"href":"https:\/\/meier-gerdingh.de\/wp-spd-ob\/wp-json\/wp\/v2\/tags?post=7008"},{"taxonomy":"quellen","embeddable":true,"href":"https:\/\/meier-gerdingh.de\/wp-spd-ob\/wp-json\/wp\/v2\/quellen?post=7008"}],"curies":[{"name":"wp","href":"https:\/\/api.w.org\/{rel}","templated":true}]}}