{"id":7009,"date":"2020-03-12T20:21:48","date_gmt":"2020-03-12T19:21:48","guid":{"rendered":"https:\/\/meier-gerdingh.de\/wp-spd-ob\/?p=7009"},"modified":"2020-04-08T13:20:29","modified_gmt":"2020-04-08T11:20:29","slug":"landesregierung-muss-plaene-vorbereiten","status":"publish","type":"post","link":"https:\/\/meier-gerdingh.de\/wp-spd-ob\/2020\/03\/12\/landesregierung-muss-plaene-vorbereiten\/","title":{"rendered":"Landesregierung muss Pl\u00e4ne vorbereiten"},"content":{"rendered":"<div id=\"attachment_4242\" style=\"width: 150px\" class=\"wp-caption alignleft\"><a href=\"https:\/\/meier-gerdingh.de\/wp-spd-ob\/wp-content\/uploads\/2017\/05\/zimkeit_stefan_17.jpg\"><img aria-describedby=\"caption-attachment-4242\" decoding=\"async\" class=\"size-full wp-image-4242\" src=\"https:\/\/meier-gerdingh.de\/wp-spd-ob\/wp-content\/uploads\/2017\/05\/zimkeit_stefan_17.jpg\" alt=\"\" width=\"140\" height=\"192\" \/><\/a><p id=\"caption-attachment-4242\" class=\"wp-caption-text\">Stefan Zimkeit ist Landtagsabgeordneter f\u00fcr Oberhausen-Sterkrade und Dinslaken sowie haushalts- und finanzpolitischer Sprecher der SPD-Landtagsfraktion<\/p><\/div>\n<p>&#8222;Die Landesregierung muss jetzt gut vorbereitet die n\u00e4chsten Schritte planen, wenn sich die Situation weiter versch\u00e4rft&#8220;, sagt Stefan Zimkeit. &#8222;Insbesondere m\u00fcssen Notfallpl\u00e4ne vorliegen, falls Kitas und Schulen fl\u00e4chendeckend geschlossen werden. Viele Kinder m\u00fcssen weiterhin betreut werden&#8220;, betont Oberhausens Landtagsabgeordneter.<\/p>\n<p>&#8222;Denn es darf nicht passieren, dass anschlie\u00dfend weite Teile der \u00f6ffentlichen Versorgung zusammenbrechen&#8220;, weist er auf Feuerwehren, Rettungswesen und die allgemeine Gesundheitsversorgung als besonders drastische Beispiele hin.<\/p>\n<p>Stefan Zimkeit fordert von den Verantwortlichen in Bund und Land, auch vor unpopul\u00e4ren Entscheidungen nicht zur\u00fcckzuschrecken, wenn dies die Ausbreitung des neuartigen Coronavirus deutlich reduzieren oder verlangsamen k\u00f6nnte.<!--more--><\/p>\n<p>&#8222;Es gibt die Tendenz, die Entscheidungen nach unten zu delegieren \u2013 von Bund und Land zu den Kommunen oder beispielsweise den Schulleitungen, die dann am Ende die Verantwortung tragen sollen.&#8220; Die Gesundheit der Menschen m\u00fcsse immer Vorrang haben. &#8222;Es ist besser, eine Veranstaltung zu viel abzusagen, als zu wenig.&#8220;<\/p>\n<p>Zimkeit macht sich auch Sorgen um die \u00f6konomischen Folgen der Covid-19-Krise. &#8222;Es melden sich Firmen aus verschiedenen Branchen, insbesondere aus dem Hotel und Gastronomiegewebe, die Existenz\u00e4ngste haben. In Berlin sind bereits erste Beschl\u00fcsse gefallen, beispielsweise beim Kurzarbeitergeld.&#8220;<\/p>\n<p>Stefan Zimkeit fordert, dass auch das Land schnell Ma\u00dfnahmen zur Sicherung von Arbeitspl\u00e4tzen und zum Erhalt gef\u00e4hrdeter Unternehmen ergreift. Dazu geh\u00f6ren Kreditb\u00fcrgschaften, der Verzicht auf Steuervorauszahlungen und die Beratung kleiner und mittlerer Betriebe bei der Nutzung von Kurzarbeitergeld.<\/p>\n<p>&#8222;Es muss alles getan werden, zun\u00e4chst die Folgen f\u00fcr die Gesundheit der Menschen einzugrenzen und danach ein Einbrechen der Wirtschaft und des Arbeitsmarktes zu verhindern.&#8220;<\/p>\n","protected":false},"excerpt":{"rendered":"<p>&#8222;Die Landesregierung muss jetzt gut vorbereitet die n\u00e4chsten Schritte planen, wenn sich die Situation weiter versch\u00e4rft&#8220;, sagt Stefan Zimkeit. &#8222;Insbesondere m\u00fcssen Notfallpl\u00e4ne vorliegen, falls Kitas und Schulen fl\u00e4chendeckend geschlossen werden.&hellip; <\/p>\n","protected":false},"author":1,"featured_media":0,"comment_status":"closed","ping_status":"closed","sticky":false,"template":"","format":"standard","meta":{"footnotes":""},"categories":[2275,297,216],"tags":[2223,2218,2219,2226,2224,2227,2225],"quellen":[331],"class_list":["post-7009","post","type-post","status-publish","format-standard","hentry","category-corona-krise","category-gesundheit","category-land","tag-coronavirus","tag-covid-19-krise","tag-gesundheitsversorgung","tag-kita-schliessungen","tag-kurzarbeitergeld","tag-notfallplaene","tag-schulschliessungen","quellen-mdl-stefan-zimkeit"],"_links":{"self":[{"href":"https:\/\/meier-gerdingh.de\/wp-spd-ob\/wp-json\/wp\/v2\/posts\/7009","targetHints":{"allow":["GET"]}}],"collection":[{"href":"https:\/\/meier-gerdingh.de\/wp-spd-ob\/wp-json\/wp\/v2\/posts"}],"about":[{"href":"https:\/\/meier-gerdingh.de\/wp-spd-ob\/wp-json\/wp\/v2\/types\/post"}],"author":[{"embeddable":true,"href":"https:\/\/meier-gerdingh.de\/wp-spd-ob\/wp-json\/wp\/v2\/users\/1"}],"replies":[{"embeddable":true,"href":"https:\/\/meier-gerdingh.de\/wp-spd-ob\/wp-json\/wp\/v2\/comments?post=7009"}],"version-history":[{"count":0,"href":"https:\/\/meier-gerdingh.de\/wp-spd-ob\/wp-json\/wp\/v2\/posts\/7009\/revisions"}],"wp:attachment":[{"href":"https:\/\/meier-gerdingh.de\/wp-spd-ob\/wp-json\/wp\/v2\/media?parent=7009"}],"wp:term":[{"taxonomy":"category","embeddable":true,"href":"https:\/\/meier-gerdingh.de\/wp-spd-ob\/wp-json\/wp\/v2\/categories?post=7009"},{"taxonomy":"post_tag","embeddable":true,"href":"https:\/\/meier-gerdingh.de\/wp-spd-ob\/wp-json\/wp\/v2\/tags?post=7009"},{"taxonomy":"quellen","embeddable":true,"href":"https:\/\/meier-gerdingh.de\/wp-spd-ob\/wp-json\/wp\/v2\/quellen?post=7009"}],"curies":[{"name":"wp","href":"https:\/\/api.w.org\/{rel}","templated":true}]}}